{"id":14370,"date":"2015-01-29T00:02:58","date_gmt":"2015-01-29T03:02:58","guid":{"rendered":"http:\/\/notinor.com\/jujuy\/?p=14370"},"modified":"2015-01-28T23:41:00","modified_gmt":"2015-01-29T02:41:00","slug":"embajadores-y-dirigentes-de-la-comunidad-judia-se-acercaron-al-velatorio-de-nisman","status":"publish","type":"post","link":"https:\/\/notinor.com\/jujuy\/embajadores-y-dirigentes-de-la-comunidad-judia-se-acercaron-al-velatorio-de-nisman\/","title":{"rendered":"Embajadores y dirigentes de la comunidad jud\u00eda se acercaron al velatorio de Nisman"},"content":{"rendered":"<p>El embajador de los Estados Unidos, Noah Mamet, y los principales dirigentes de la comunidad jud\u00eda se acercaron a despedir los restos del fiscal Alberto Nisman. El velatorio se lleva a cabo, con una ceremonia \u00edntima, en la casa funeraria O'Higgins, del barrio porte\u00f1o de N\u00fa\u00f1ez. En la zona hay un fuerte operativo policial y est\u00e1 cortado el tr\u00e1nsito de la calle O'Higgins, entre Quesada y Congreso.<\/p>\n<p>Luego, a partir de las 22, comenzar\u00eda el velatorio abierto al p\u00fablico, para el que ex colegas y diversas asociaciones est\u00e1n convocando a concurrir. Entre ellas hizo un llamado a participar la Asociaci\u00f3n de Fiscales. Un grupo de ciudadanos se encuentra en la esquina de Quesada y O'Higgins. All\u00ed pegaron carteles de respaldo a Nisman.<\/p>\n<p>Durante la tarde se produjo un incidente, cuando algunos de los concurrentes destrozaron la corona de flores enviada por la procuradora kirchnerista Alejandra Gils Carb\u00f3. Incluso arrojaron piedras, pero la calma r\u00e1pidamente volvi\u00f3 al lugar.<\/p>\n<p>Ma\u00f1ana jueves tendr\u00e1 lugar el entierro en el Cementerio Israelita de Tablada, seg\u00fan lo comunic\u00f3 la Agencia Jud\u00eda de Noticias (AJN) basada en fuentes de la comunidad.<\/p>\n<p>Nisman apareci\u00f3 muerto en el ba\u00f1o de su departamento el lunes 19 de enero, con un disparo en la cabeza. Hasta ahora, el \u00fanico imputado es Diego Lagomarsino, el colaborador inform\u00e1tico de la Unidad Fiscal Especial AMIA.<\/p>\n<p>Lagomarsino fue imputado bajo la figura que contempla el art\u00edculo 189 bis, apartado 4, del C\u00f3digo Penal: \"Ser\u00e1 reprimido con prisi\u00f3n de un a\u00f1o a seis a\u00f1os el que entregare un arma de fuego por cualquier t\u00edtulo a quien no acreditare su condici\u00f3n de leg\u00edtimo usuario\".<\/p>\n<h1 style=\"text-align: center;\"><strong>LA CARTA DE LA PRIMA DE NISMAN<\/strong><\/h1>\n<p>Una prima de Alberto Nisman escribi\u00f3 una desgarradora carta en la que asegura que al fiscal especial del caso AMIA \"lo mataron\". La misiva fue publicada hoy en exclusiva por el Cronista.com, bajo la condici\u00f3n de no dar a conocer su nombre, solo sus iniciales: APG.<\/p>\n<h2><strong>La carta completa:<\/strong><\/h2>\n<p><strong>Mi primo Alberto<\/strong><\/p>\n<p><strong>Hace un par de d\u00edas que no hago m\u00e1s que ver y ver una vieja pel\u00edcula. No se lo ve en imagen pero yo les cuento: el que filma, es mi padre. Se pas\u00f3 gran parte de nuestra infancia, ausente; tras una m\u00e1quina S\u00faper Ocho: filmando. Lo m\u00e1s divertido era cuando, luego de ver las pel\u00edculas sobre una pared del living que despejaba mi madre quitando, una y otra vez, un cuadro de Carlos Alonso, mi pap\u00e1 rebobinaba el carretel sin apagar la luz del proyector. M\u00e1gicamente, como un truco de infancia, lo vivido retroced\u00eda aceleradamente hasta esfumarse en el momento en que la cinta comenzaba a girar en falso. Nos divert\u00edamos -mis hermanas y yo- tan solo con vernos desafiar a la l\u00f3gica del movimiento y a la irreversibilidad del tiempo. Qu\u00e9 tontas.<\/strong><\/p>\n<p><strong>Hace un par de d\u00edas que no hago m\u00e1s que mirar una vieja pel\u00edcula. Una de esas tantas. La calidad es p\u00e9sima, producto de haber soportado la conversi\u00f3n a sucesivos formatos: de carretel a VHS, a DVD, a digital. Y en ese traspaso no s\u00f3lo perdi\u00f3 calidad sino tambi\u00e9n la magia. Ya no me divierte. Pero no se trata de la desilusi\u00f3n de la imposibilidad de rebobinar. O s\u00ed.<\/strong><\/p>\n<p><strong>La filmaci\u00f3n, de alrededor de seis minutos de duraci\u00f3n, transcurre a principios de los \u00b470, en el comedor de la casa de una t\u00eda abuela que ya no est\u00e1, a causa de la ley de la vida que hizo que m\u00e1s de la mitad de las personas que celebr\u00e1bamos una festividad jud\u00eda, en ese comedor, tambi\u00e9n est\u00e9n muertas. Eran abuelos y t\u00edos abuelos. Inmigrantes. Salteando una generaci\u00f3n, estamos nosotros, los m\u00e1s peque\u00f1os, jugando a disfrazarnos de grandes. Mi primo Alberto hace morisquetas frente a la c\u00e1mara con un sombrero Borsalino y luego se deja caer sobre la falda de mi t\u00eda Sara, que lo abraza.<\/strong><\/p>\n<p><strong>Qu\u00e9 curiosa improcedencia -pienso-; por esa \u00e9poca, principios de los \u00b470 (Alberto promediaba la edad que sus hijas tienen hoy), un Poder f\u00e1ctico implementaba en la Argentina un plan siniestro a trav\u00e9s de \"grupos paramilitares\". Casi cuatro d\u00e9cadas despu\u00e9s, mi primo Alberto es asesinado a manos de un Poder subyacente de las mismas caracter\u00edsticas que el de aquellos a\u00f1os nefastos, que insulta una vez m\u00e1s a la Rep\u00fablica, que ensucia a la Democracia rebaj\u00e1ndola a la condici\u00f3n de un mero ox\u00edmoron.<\/strong><\/p>\n<p><strong>Porque Alberto Nisman, adem\u00e1s de mi primo, era Fiscal de la Naci\u00f3n, nombrado por el Presidente N\u00e9stor Kirchner para esclarecer el atentado a la AMIA. Labor a la que se aboc\u00f3 casi la mitad de su vida con firmes convicciones e ideales de justicia; con asistencia necesaria -pero no, dependiente- de servicios de inteligencia que el propio N\u00e9stor propici\u00f3.<\/strong><\/p>\n<p><strong>Se\u00f1ores, la verdad no tiene bandos. La verdad no necesita usar armas. Mi primo Alberto hab\u00eda asumido el compromiso de presentarse el d\u00eda lunes al Congreso para exponer el resultado de su investigaci\u00f3n que implicaba a la Presidente y a funcionarios de este gobierno en una presunta maniobra de encubrimiento de ese atentado, y que paralelamente fue presentado ante la Justicia, para que sea finalmente ella la que dirimiera. Por eso lo mataron. Estaba amenazado. No de ahora, desde hace a\u00f1os. Ten\u00eda custodia. No de ahora, desde hace a\u00f1os. A\u00fan as\u00ed sigui\u00f3, amparado s\u00f3lo en sus firmes convicciones e ideales. Porque no se doblegaba ante nadie ni se dejaba amedrentar. Porque ten\u00eda plena certeza. Porque el caso AMIA est\u00e1 resuelto -como tantos otros- hace tiempo. Mi primo luch\u00f3 por sacarlo a la luz. Por eso lo mataron.<\/strong><\/p>\n<p><strong>Mise en place, es un t\u00e9rmino gastron\u00f3mico franc\u00e9s que -literalmente- se traduce como 'puesto en el lugar' y est\u00e1 conformado por el conjunto de tareas y elementos preparados a priori de la elaboraci\u00f3n de un plato.<\/strong><\/p>\n<p><strong>Que nadie (como aquella jovencita actriz de provincia) venga a decirnos \"La mesa est\u00e1 servida\". Porque -al igual que mi primo Alberto- no nos sentamos a comer con nadie. Porque sabemos que la manipulaci\u00f3n certera inhibe en el manipulado la capacidad de discernir neg\u00e1ndole la percepci\u00f3n de la maniobra a la que est\u00e1 siendo sujeto. Y esto, \u00e9l lo sab\u00eda m\u00e1s que nadie. Por eso advirti\u00f3 a su hija sobre lo que podr\u00eda llegar a escuchar sobre \u00e9l. Pero lo mataron.<\/strong><\/p>\n<p><strong>Con tristeza c\u00edvica y personal finalizo como hubiese querido hacerlo \u00e9l, porque ning\u00fan argentino deber\u00eda permitir que se rebobine la historia, cuarenta a\u00f1os.<\/strong><\/p>\n<p><strong>SER\u00c1 JUSTICIA<\/strong><\/p>\n","protected":false},"excerpt":{"rendered":"<p>El embajador de los Estados Unidos, Noah Mamet, y los principales dirigentes de la comunidad jud\u00eda se acercaron a despedir los restos del fiscal Alberto Nisman. El velatorio se lleva a cabo, con una ceremonia \u00edntima, en la casa funeraria O'Higgins, del barrio porte\u00f1o de N\u00fa\u00f1ez. En la zona hay un fuerte operativo policial y [&hellip;]<\/p>\n","protected":false},"author":1,"featured_media":14371,"comment_status":"open","ping_status":"open","sticky":false,"template":"","format":"standard","meta":{"_stopmodifiedupdate":false,"_modified_date":"","inline_featured_image":false,"spay_email":"","jetpack_publicize_message":""},"categories":[5],"tags":[],"jetpack_featured_media_url":"https:\/\/notinor.com\/jujuy\/wp-content\/uploads\/2015\/01\/velatorio-nisman-2.jpg","jetpack_publicize_connections":[],"_links":{"self":[{"href":"https:\/\/notinor.com\/jujuy\/wp-json\/wp\/v2\/posts\/14370"}],"collection":[{"href":"https:\/\/notinor.com\/jujuy\/wp-json\/wp\/v2\/posts"}],"about":[{"href":"https:\/\/notinor.com\/jujuy\/wp-json\/wp\/v2\/types\/post"}],"author":[{"embeddable":true,"href":"https:\/\/notinor.com\/jujuy\/wp-json\/wp\/v2\/users\/1"}],"replies":[{"embeddable":true,"href":"https:\/\/notinor.com\/jujuy\/wp-json\/wp\/v2\/comments?post=14370"}],"version-history":[{"count":1,"href":"https:\/\/notinor.com\/jujuy\/wp-json\/wp\/v2\/posts\/14370\/revisions"}],"predecessor-version":[{"id":14372,"href":"https:\/\/notinor.com\/jujuy\/wp-json\/wp\/v2\/posts\/14370\/revisions\/14372"}],"wp:featuredmedia":[{"embeddable":true,"href":"https:\/\/notinor.com\/jujuy\/wp-json\/wp\/v2\/media\/14371"}],"wp:attachment":[{"href":"https:\/\/notinor.com\/jujuy\/wp-json\/wp\/v2\/media?parent=14370"}],"wp:term":[{"taxonomy":"category","embeddable":true,"href":"https:\/\/notinor.com\/jujuy\/wp-json\/wp\/v2\/categories?post=14370"},{"taxonomy":"post_tag","embeddable":true,"href":"https:\/\/notinor.com\/jujuy\/wp-json\/wp\/v2\/tags?post=14370"}],"curies":[{"name":"wp","href":"https:\/\/api.w.org\/{rel}","templated":true}]}}