{"id":14357,"date":"2015-01-28T20:29:35","date_gmt":"2015-01-28T23:29:35","guid":{"rendered":"http:\/\/notinor.com\/jujuy\/?p=14357"},"modified":"2015-01-28T23:31:54","modified_gmt":"2015-01-29T02:31:54","slug":"los-tekis-estuvieron-presentes-en-la-cuarta-luna-de-cosquin","status":"publish","type":"post","link":"https:\/\/notinor.com\/jujuy\/los-tekis-estuvieron-presentes-en-la-cuarta-luna-de-cosquin\/","title":{"rendered":"Los Tekis estuvieron presentes en la cuarta luna de Cosqu\u00edn"},"content":{"rendered":"<p>Nombres de peso en la escena folcl\u00f3rica como los del d\u00fao Coplanacu, Los Tekis y Antonio Tarrag\u00f3 Ros convivieron anoche, en la cuarta luna del Festival de Cosqu\u00edn, con las presencias de Coki Ram\u00edrez y Miguel \u00c1ngel Cherutti, en una apuesta inusual en el marco del encuentro popular.<\/p>\n<p>&nbsp;<\/p>\n<p>Los Tekis mostraron una cuidada puesta en escena para adornar cada canci\u00f3n (\"Arde la ciudad\", \"Viva Jujuy\", \"Pupilas lejanas\", \"L\u00e1grimas\", \"El cucumelo\", \"Hasta el otro carnaval\" y \"Como has hecho\", entre otras) y celebrar los 20 a\u00f1os de su consagraci\u00f3n aqu\u00ed que termin\u00f3 con toda la plaza encendida en el baile, los papelitos y la espuma, invitando al carnaval juje\u00f1o.<\/p>\n<p>&nbsp;<\/p>\n<p>Para esta noche se anuncia a Abel Pintos, Canto 4, Nacho y Daniel y los ganadores del Pre Cosqu\u00edn, del cual el domingo saldr\u00e1 la revelaci\u00f3n del festival.<\/p>\n<p>&nbsp;<\/p>\n<p>Ma\u00f1ana, en la sexta luna, actuar\u00e1n Baglietto-Vitale, Claudia Pir\u00e1n, Opus Cuatro, Las Voces de Montiel, el humor de Jorge Tissera, Cosqu\u00edn Sinf\u00f3nico con la Orquesta Filarm\u00f3nica del Festival y la voz de Ramona Galarza, Jairo, Delegaci\u00f3n Provincial de Chubut, Los Caldenes, Algarroba.com y Miguel Bilinsky, Los Cuatro de Salta y Facundo Toro.<\/p>\n<p>&nbsp;<\/p>\n<p><iframe loading=\"lazy\" src=\"https:\/\/www.youtube.com\/embed\/W4xeb7peZ3w\" width=\"560\" height=\"315\" frameborder=\"0\" allowfullscreen=\"allowfullscreen\"><\/iframe><\/p>\n","protected":false},"excerpt":{"rendered":"<p>Nombres de peso en la escena folcl\u00f3rica como los del d\u00fao Coplanacu, Los Tekis y Antonio Tarrag\u00f3 Ros convivieron anoche, en la cuarta luna del Festival de Cosqu\u00edn, con las presencias de Coki Ram\u00edrez y Miguel \u00c1ngel Cherutti, en una apuesta inusual en el marco del encuentro popular. &nbsp; Los Tekis mostraron una cuidada puesta [&hellip;]<\/p>\n","protected":false},"author":1,"featured_media":14358,"comment_status":"open","ping_status":"open","sticky":false,"template":"","format":"standard","meta":{"_stopmodifiedupdate":false,"_modified_date":"","inline_featured_image":false,"spay_email":"","jetpack_publicize_message":""},"categories":[21],"tags":[],"jetpack_featured_media_url":"https:\/\/notinor.com\/jujuy\/wp-content\/uploads\/2015\/01\/los-tekis-cosquin-2015.jpg","jetpack_publicize_connections":[],"_links":{"self":[{"href":"https:\/\/notinor.com\/jujuy\/wp-json\/wp\/v2\/posts\/14357"}],"collection":[{"href":"https:\/\/notinor.com\/jujuy\/wp-json\/wp\/v2\/posts"}],"about":[{"href":"https:\/\/notinor.com\/jujuy\/wp-json\/wp\/v2\/types\/post"}],"author":[{"embeddable":true,"href":"https:\/\/notinor.com\/jujuy\/wp-json\/wp\/v2\/users\/1"}],"replies":[{"embeddable":true,"href":"https:\/\/notinor.com\/jujuy\/wp-json\/wp\/v2\/comments?post=14357"}],"version-history":[{"count":1,"href":"https:\/\/notinor.com\/jujuy\/wp-json\/wp\/v2\/posts\/14357\/revisions"}],"predecessor-version":[{"id":14360,"href":"https:\/\/notinor.com\/jujuy\/wp-json\/wp\/v2\/posts\/14357\/revisions\/14360"}],"wp:featuredmedia":[{"embeddable":true,"href":"https:\/\/notinor.com\/jujuy\/wp-json\/wp\/v2\/media\/14358"}],"wp:attachment":[{"href":"https:\/\/notinor.com\/jujuy\/wp-json\/wp\/v2\/media?parent=14357"}],"wp:term":[{"taxonomy":"category","embeddable":true,"href":"https:\/\/notinor.com\/jujuy\/wp-json\/wp\/v2\/categories?post=14357"},{"taxonomy":"post_tag","embeddable":true,"href":"https:\/\/notinor.com\/jujuy\/wp-json\/wp\/v2\/tags?post=14357"}],"curies":[{"name":"wp","href":"https:\/\/api.w.org\/{rel}","templated":true}]}}