{"id":14356,"date":"2015-01-29T00:00:00","date_gmt":"2015-01-29T03:00:00","guid":{"rendered":"http:\/\/notinor.com\/jujuy\/?p=14356"},"modified":"2015-01-29T13:01:03","modified_gmt":"2015-01-29T16:01:03","slug":"gerrardo-morales-sobre-la-postulacion-de-carles-ofende-y-agravia","status":"publish","type":"post","link":"https:\/\/notinor.com\/jujuy\/gerrardo-morales-sobre-la-postulacion-de-carles-ofende-y-agravia\/","title":{"rendered":"Gerardo Morales sobre la postulaci\u00f3n de Carl\u00e9s: \"ofende y agravia\""},"content":{"rendered":"<p>El presidente del bloque de senadores por la UCR, Gerardo Morales, afirm\u00f3 que la presidenta \"ofende y agravia\" al proponer a Carl\u00e9s para la Corte Suprema de Justicia en reemplazo de Eugenio Zaffaroni.<\/p>\n<p>\"Sin experiencia y con militancia activa en La C\u00e1mpora, CFKArgentina ofende y agravia con la propuesta de Carl\u00e9s\" para la Corte Suprema, expres\u00f3 el legislador a trav\u00e9s de un mensaje difundido a trav\u00e9s de su cuenta en la red social Twitter.<\/p>\n<p>Morales fue uno de los jefes de los bloques opositores de la C\u00e1mara alta que el a\u00f1o pasado firm\u00f3 un documento en el que manifestaron su decisi\u00f3n de no acompa\u00f1ar la designaci\u00f3n del reemplazante de Zaffaroni hasta que la Presidenta concluya su mandato.<\/p>\n<p>El radicalismo cuenta con once bancas en el Senado lo que puede ser decisivo al momento de la votaci\u00f3n, ya que el kirchnerismo necesitar\u00e1 de los dos tercios del cuerpo para aprobar el nombramiento del nuevo juez del m\u00e1ximo tribunal.<\/p>\n<p>Morales consider\u00f3 que se trata de una maniobra para distraer la atenci\u00f3n de la opini\u00f3n publica conmocionada por la muerte del Fiscal Alberto Nisman.<\/p>\n","protected":false},"excerpt":{"rendered":"<p>El presidente del bloque de senadores por la UCR, Gerardo Morales, afirm\u00f3 que la presidenta \"ofende y agravia\" al proponer a Carl\u00e9s para la Corte Suprema de Justicia en reemplazo de Eugenio Zaffaroni. \"Sin experiencia y con militancia activa en La C\u00e1mpora, CFKArgentina ofende y agravia con la propuesta de Carl\u00e9s\" para la Corte Suprema, [&hellip;]<\/p>\n","protected":false},"author":1,"featured_media":14359,"comment_status":"open","ping_status":"open","sticky":false,"template":"","format":"standard","meta":{"_stopmodifiedupdate":false,"_modified_date":"","inline_featured_image":false,"spay_email":"","jetpack_publicize_message":""},"categories":[485],"tags":[],"jetpack_featured_media_url":"https:\/\/notinor.com\/jujuy\/wp-content\/uploads\/2015\/01\/morales-carles.jpg","jetpack_publicize_connections":[],"_links":{"self":[{"href":"https:\/\/notinor.com\/jujuy\/wp-json\/wp\/v2\/posts\/14356"}],"collection":[{"href":"https:\/\/notinor.com\/jujuy\/wp-json\/wp\/v2\/posts"}],"about":[{"href":"https:\/\/notinor.com\/jujuy\/wp-json\/wp\/v2\/types\/post"}],"author":[{"embeddable":true,"href":"https:\/\/notinor.com\/jujuy\/wp-json\/wp\/v2\/users\/1"}],"replies":[{"embeddable":true,"href":"https:\/\/notinor.com\/jujuy\/wp-json\/wp\/v2\/comments?post=14356"}],"version-history":[{"count":3,"href":"https:\/\/notinor.com\/jujuy\/wp-json\/wp\/v2\/posts\/14356\/revisions"}],"predecessor-version":[{"id":14424,"href":"https:\/\/notinor.com\/jujuy\/wp-json\/wp\/v2\/posts\/14356\/revisions\/14424"}],"wp:featuredmedia":[{"embeddable":true,"href":"https:\/\/notinor.com\/jujuy\/wp-json\/wp\/v2\/media\/14359"}],"wp:attachment":[{"href":"https:\/\/notinor.com\/jujuy\/wp-json\/wp\/v2\/media?parent=14356"}],"wp:term":[{"taxonomy":"category","embeddable":true,"href":"https:\/\/notinor.com\/jujuy\/wp-json\/wp\/v2\/categories?post=14356"},{"taxonomy":"post_tag","embeddable":true,"href":"https:\/\/notinor.com\/jujuy\/wp-json\/wp\/v2\/tags?post=14356"}],"curies":[{"name":"wp","href":"https:\/\/api.w.org\/{rel}","templated":true}]}}