{"id":14348,"date":"2015-01-29T00:25:19","date_gmt":"2015-01-29T03:25:19","guid":{"rendered":"http:\/\/notinor.com\/jujuy\/?p=14348"},"modified":"2015-01-28T23:27:20","modified_gmt":"2015-01-29T02:27:20","slug":"taller-de-coplas-para-ninos","status":"publish","type":"post","link":"https:\/\/notinor.com\/jujuy\/taller-de-coplas-para-ninos\/","title":{"rendered":"Taller de coplas para ni\u00f1os"},"content":{"rendered":"<p>Con el prop\u00f3sito que los ni\u00f1os encuentren un espacio de recreaci\u00f3n en estas vacaciones, como as\u00ed tambi\u00e9n celebrar el jueves de ahijaditos dentro del calendario del carnaval.<\/p>\n<p>Se desarrollara \u00e9sta tarde en el Centro Cultural Macedonio Graz de 16 a 18 horas.<\/p>\n<p>&nbsp;<\/p>\n<p>Cabe destacar que a partir de las 18 horas\u00a0 la coordinadora del taller, Noelia Gareca brindar\u00e1 un concierto destinado a todos los asistentes y p\u00fablico en general.<\/p>\n<p>&nbsp;<\/p>\n<p>La idea del taller es generar un espacio donde los m\u00e1s peque\u00f1os puedan asistir con sus padrinos, para disfrutar de una tarde de encuentro donde se revalorice a la copla como expresi\u00f3n autentica de nuestra cultura, fomentando su aprendizaje y transmisi\u00f3n intergeneracional.<\/p>\n<p>&nbsp;<\/p>\n<p>Los interesados en participar podr\u00e1n dirigirse directamente a las instalaciones del Centro Cultural\u00a0 Macedonio Graz, antes del inicio del taller.<\/p>\n<p><a href=\"http:\/\/notinor.com\/jujuy\/wp-content\/uploads\/2015\/01\/noelia-gareca-dictara-un-taller-de-coplas-para-ninos_15825.jpg\"><img decoding=\"async\" loading=\"lazy\" class=\"alignnone size-full wp-image-14352\" src=\"http:\/\/notinor.com\/jujuy\/wp-content\/uploads\/2015\/01\/noelia-gareca-dictara-un-taller-de-coplas-para-ninos_15825.jpg\" alt=\"noelia-gareca-dictara-un-taller-de-coplas-para-ninos_15825\" width=\"800\" height=\"533\" srcset=\"https:\/\/notinor.com\/jujuy\/wp-content\/uploads\/2015\/01\/noelia-gareca-dictara-un-taller-de-coplas-para-ninos_15825.jpg 800w, https:\/\/notinor.com\/jujuy\/wp-content\/uploads\/2015\/01\/noelia-gareca-dictara-un-taller-de-coplas-para-ninos_15825-300x199.jpg 300w\" sizes=\"(max-width: 800px) 100vw, 800px\" \/><\/a><\/p>\n","protected":false},"excerpt":{"rendered":"<p>Con el prop\u00f3sito que los ni\u00f1os encuentren un espacio de recreaci\u00f3n en estas vacaciones, como as\u00ed tambi\u00e9n celebrar el jueves de ahijaditos dentro del calendario del carnaval. Se desarrollara \u00e9sta tarde en el Centro Cultural Macedonio Graz de 16 a 18 horas. &nbsp; Cabe destacar que a partir de las 18 horas\u00a0 la coordinadora del [&hellip;]<\/p>\n","protected":false},"author":1,"featured_media":14352,"comment_status":"open","ping_status":"open","sticky":false,"template":"","format":"standard","meta":{"_stopmodifiedupdate":false,"_modified_date":"","inline_featured_image":false,"spay_email":"","jetpack_publicize_message":""},"categories":[21,17],"tags":[],"jetpack_featured_media_url":"https:\/\/notinor.com\/jujuy\/wp-content\/uploads\/2015\/01\/noelia-gareca-dictara-un-taller-de-coplas-para-ninos_15825.jpg","jetpack_publicize_connections":[],"_links":{"self":[{"href":"https:\/\/notinor.com\/jujuy\/wp-json\/wp\/v2\/posts\/14348"}],"collection":[{"href":"https:\/\/notinor.com\/jujuy\/wp-json\/wp\/v2\/posts"}],"about":[{"href":"https:\/\/notinor.com\/jujuy\/wp-json\/wp\/v2\/types\/post"}],"author":[{"embeddable":true,"href":"https:\/\/notinor.com\/jujuy\/wp-json\/wp\/v2\/users\/1"}],"replies":[{"embeddable":true,"href":"https:\/\/notinor.com\/jujuy\/wp-json\/wp\/v2\/comments?post=14348"}],"version-history":[{"count":1,"href":"https:\/\/notinor.com\/jujuy\/wp-json\/wp\/v2\/posts\/14348\/revisions"}],"predecessor-version":[{"id":14353,"href":"https:\/\/notinor.com\/jujuy\/wp-json\/wp\/v2\/posts\/14348\/revisions\/14353"}],"wp:featuredmedia":[{"embeddable":true,"href":"https:\/\/notinor.com\/jujuy\/wp-json\/wp\/v2\/media\/14352"}],"wp:attachment":[{"href":"https:\/\/notinor.com\/jujuy\/wp-json\/wp\/v2\/media?parent=14348"}],"wp:term":[{"taxonomy":"category","embeddable":true,"href":"https:\/\/notinor.com\/jujuy\/wp-json\/wp\/v2\/categories?post=14348"},{"taxonomy":"post_tag","embeddable":true,"href":"https:\/\/notinor.com\/jujuy\/wp-json\/wp\/v2\/tags?post=14348"}],"curies":[{"name":"wp","href":"https:\/\/api.w.org\/{rel}","templated":true}]}}