{"id":14335,"date":"2015-01-29T00:02:37","date_gmt":"2015-01-29T03:02:37","guid":{"rendered":"http:\/\/notinor.com\/jujuy\/?p=14335"},"modified":"2015-01-28T23:07:31","modified_gmt":"2015-01-29T02:07:31","slug":"san-pedrito-ladron-arrestado","status":"publish","type":"post","link":"https:\/\/notinor.com\/jujuy\/san-pedrito-ladron-arrestado\/","title":{"rendered":"SAN PEDRITO:  LADR\u00d3N ARRESTADO"},"content":{"rendered":"<p>El caso se registr\u00f3 alrededor de la hora 11:50, en una casa del pasaje 10 de las 530 viviendas, cuando el inculpado ingres\u00f3 por una de las medianeras de la casa y, ante la presencia de una joven, se alz\u00f3 con un celular para luego darse a la fuga.<\/p>\n<p>De inmediato la menor alerto a vecinos sobre lo ocurrido y llamaron al 911. Como consecuencia de esto se inici\u00f3 un rastrillaje por la zona y luego de unos minutos el protagonista fue demorado en calles del barrio San Francisco de Alava, a quien tras la requisa respectiva se le secuestr\u00f3 el celular robado.<\/p>\n<p>El ladr\u00f3n fue trasladado a la Seccional 6\u00aa, donde qued\u00f3 alojado, mientras la damnificada realiz\u00f3 la denuncia respectiva del hecho.<\/p>\n","protected":false},"excerpt":{"rendered":"<p>El caso se registr\u00f3 alrededor de la hora 11:50, en una casa del pasaje 10 de las 530 viviendas, cuando el inculpado ingres\u00f3 por una de las medianeras de la casa y, ante la presencia de una joven, se alz\u00f3 con un celular para luego darse a la fuga. De inmediato la menor alerto a [&hellip;]<\/p>\n","protected":false},"author":1,"featured_media":3209,"comment_status":"open","ping_status":"open","sticky":false,"template":"","format":"standard","meta":{"_stopmodifiedupdate":false,"_modified_date":"","inline_featured_image":false,"spay_email":"","jetpack_publicize_message":""},"categories":[3],"tags":[],"jetpack_featured_media_url":"https:\/\/notinor.com\/jujuy\/wp-content\/uploads\/2014\/11\/arrestados-2.jpg","jetpack_publicize_connections":[],"_links":{"self":[{"href":"https:\/\/notinor.com\/jujuy\/wp-json\/wp\/v2\/posts\/14335"}],"collection":[{"href":"https:\/\/notinor.com\/jujuy\/wp-json\/wp\/v2\/posts"}],"about":[{"href":"https:\/\/notinor.com\/jujuy\/wp-json\/wp\/v2\/types\/post"}],"author":[{"embeddable":true,"href":"https:\/\/notinor.com\/jujuy\/wp-json\/wp\/v2\/users\/1"}],"replies":[{"embeddable":true,"href":"https:\/\/notinor.com\/jujuy\/wp-json\/wp\/v2\/comments?post=14335"}],"version-history":[{"count":1,"href":"https:\/\/notinor.com\/jujuy\/wp-json\/wp\/v2\/posts\/14335\/revisions"}],"predecessor-version":[{"id":14336,"href":"https:\/\/notinor.com\/jujuy\/wp-json\/wp\/v2\/posts\/14335\/revisions\/14336"}],"wp:featuredmedia":[{"embeddable":true,"href":"https:\/\/notinor.com\/jujuy\/wp-json\/wp\/v2\/media\/3209"}],"wp:attachment":[{"href":"https:\/\/notinor.com\/jujuy\/wp-json\/wp\/v2\/media?parent=14335"}],"wp:term":[{"taxonomy":"category","embeddable":true,"href":"https:\/\/notinor.com\/jujuy\/wp-json\/wp\/v2\/categories?post=14335"},{"taxonomy":"post_tag","embeddable":true,"href":"https:\/\/notinor.com\/jujuy\/wp-json\/wp\/v2\/tags?post=14335"}],"curies":[{"name":"wp","href":"https:\/\/api.w.org\/{rel}","templated":true}]}}