{"id":14324,"date":"2015-01-29T00:04:55","date_gmt":"2015-01-29T03:04:55","guid":{"rendered":"http:\/\/notinor.com\/jujuy\/?p=14324"},"modified":"2015-01-28T22:30:21","modified_gmt":"2015-01-29T01:30:21","slug":"alejandro-suarez-en-el-macedonio","status":"publish","type":"post","link":"https:\/\/notinor.com\/jujuy\/alejandro-suarez-en-el-macedonio\/","title":{"rendered":"Alejandro Su\u00e1rez en el Macedonio"},"content":{"rendered":"<p>En la pen\u00faltima actuaci\u00f3n de enero, del ciclo \u201cM\u00fasica Hacedor\u201d, se desarrollar\u00e1 esta noche a las 22 horas en la Casa Museo Macedonio Graz.<\/p>\n<p>El espect\u00e1culo que brindar\u00e1 Alejandro Su\u00e1rez fue denominado \"Experiencia\" y estar\u00e1 acompa\u00f1ado por Luciana Araya ganadora del concurso \u201cel artista de mi ciudad\u201d y Andrea Rueda cantante de m\u00fasica mel\u00f3dica, folcl\u00f3rica y mexicana.<\/p>\n<p>El repertorio de los mismos rondar\u00e1 entre melod\u00edas de m\u00fasica Rom\u00e1ntica latino e Internacional de todos los tiempos, lo que provocar\u00e1 que este show este destinado al p\u00fablico en general.<\/p>\n","protected":false},"excerpt":{"rendered":"<p>En la pen\u00faltima actuaci\u00f3n de enero, del ciclo \u201cM\u00fasica Hacedor\u201d, se desarrollar\u00e1 esta noche a las 22 horas en la Casa Museo Macedonio Graz. El espect\u00e1culo que brindar\u00e1 Alejandro Su\u00e1rez fue denominado \"Experiencia\" y estar\u00e1 acompa\u00f1ado por Luciana Araya ganadora del concurso \u201cel artista de mi ciudad\u201d y Andrea Rueda cantante de m\u00fasica mel\u00f3dica, folcl\u00f3rica [&hellip;]<\/p>\n","protected":false},"author":1,"featured_media":14326,"comment_status":"open","ping_status":"open","sticky":false,"template":"","format":"standard","meta":{"_stopmodifiedupdate":false,"_modified_date":"","inline_featured_image":false,"spay_email":"","jetpack_publicize_message":""},"categories":[21],"tags":[],"jetpack_featured_media_url":"https:\/\/notinor.com\/jujuy\/wp-content\/uploads\/2015\/01\/alejandro-suarez_15850.jpg","jetpack_publicize_connections":[],"_links":{"self":[{"href":"https:\/\/notinor.com\/jujuy\/wp-json\/wp\/v2\/posts\/14324"}],"collection":[{"href":"https:\/\/notinor.com\/jujuy\/wp-json\/wp\/v2\/posts"}],"about":[{"href":"https:\/\/notinor.com\/jujuy\/wp-json\/wp\/v2\/types\/post"}],"author":[{"embeddable":true,"href":"https:\/\/notinor.com\/jujuy\/wp-json\/wp\/v2\/users\/1"}],"replies":[{"embeddable":true,"href":"https:\/\/notinor.com\/jujuy\/wp-json\/wp\/v2\/comments?post=14324"}],"version-history":[{"count":1,"href":"https:\/\/notinor.com\/jujuy\/wp-json\/wp\/v2\/posts\/14324\/revisions"}],"predecessor-version":[{"id":14327,"href":"https:\/\/notinor.com\/jujuy\/wp-json\/wp\/v2\/posts\/14324\/revisions\/14327"}],"wp:featuredmedia":[{"embeddable":true,"href":"https:\/\/notinor.com\/jujuy\/wp-json\/wp\/v2\/media\/14326"}],"wp:attachment":[{"href":"https:\/\/notinor.com\/jujuy\/wp-json\/wp\/v2\/media?parent=14324"}],"wp:term":[{"taxonomy":"category","embeddable":true,"href":"https:\/\/notinor.com\/jujuy\/wp-json\/wp\/v2\/categories?post=14324"},{"taxonomy":"post_tag","embeddable":true,"href":"https:\/\/notinor.com\/jujuy\/wp-json\/wp\/v2\/tags?post=14324"}],"curies":[{"name":"wp","href":"https:\/\/api.w.org\/{rel}","templated":true}]}}