{"id":14317,"date":"2015-01-29T00:10:39","date_gmt":"2015-01-29T03:10:39","guid":{"rendered":"http:\/\/notinor.com\/jujuy\/?p=14317"},"modified":"2015-01-28T23:34:33","modified_gmt":"2015-01-29T02:34:33","slug":"festival-homenaje-a-jorge-cafrune-en-el-carmen","status":"publish","type":"post","link":"https:\/\/notinor.com\/jujuy\/festival-homenaje-a-jorge-cafrune-en-el-carmen\/","title":{"rendered":"Festival homenaje a Jorge Cafrune"},"content":{"rendered":"<p>El Intendente de El Carmen, Adrian Mendieta junto a miembros de la Asociaci\u00f3n Gaucha \u201cExodo Juje\u00f1o\u201d presentaron en conferencia de prensa las actividades que se desarrollar\u00e1n en homenaje a un nuevo aniversario del fallecimiento de Jorge Cafrune, que se desarrollar\u00e1 el pr\u00f3ximo 7 y 8 de febrero en el camping municipal de dicha localidad.<\/p>\n<p><a href=\"http:\/\/notinor.com\/jujuy\/wp-content\/uploads\/2015\/01\/Jorge_Cafrune.jpg\"><img decoding=\"async\" loading=\"lazy\" class=\"alignnone size-full wp-image-14319\" src=\"http:\/\/notinor.com\/jujuy\/wp-content\/uploads\/2015\/01\/Jorge_Cafrune.jpg\" alt=\"Jorge_Cafrune\" width=\"683\" height=\"298\" srcset=\"https:\/\/notinor.com\/jujuy\/wp-content\/uploads\/2015\/01\/Jorge_Cafrune.jpg 683w, https:\/\/notinor.com\/jujuy\/wp-content\/uploads\/2015\/01\/Jorge_Cafrune-300x130.jpg 300w\" sizes=\"(max-width: 683px) 100vw, 683px\" \/><\/a><\/p>\n<p>Los festejos iniciar\u00e1n el s\u00e1bado 7 febrero a partir de horas 9:00,\u00a0 con la tradicional marcha denominada \u201cDe caballo por mi patria\u201d en donde los gauchos se reunir\u00e1n en el atrio de la catedral de San Salvador de Jujuy para cabalgar hasta\u00a0 el monolito en honor a Jorge Cafrune, que se encuentra\u00a0 en\u00a0 la ciudad de El Carmen.<\/p>\n<p>&nbsp;<\/p>\n<p>En referencia a esta marcha evocativa el Intendente Adri\u00e1n Mendieta, invit\u00f3 a todos los gauchos juje\u00f1os a participar de misma,\u00a0 ya que se cumplen\u00a0 27 a\u00f1os de\u00a0 su realizaci\u00f3n y\u00a0 \u201cse hace m\u00e1s grande, con m\u00e1s gente que quiere estar presente, porque es una de las fiestas mas importante del nuestra ciudad y de Jujuy\u201d.<\/p>\n<p>&nbsp;<\/p>\n<p>Durante la festividad tendr\u00e1n lugar las actuaciones de\u00a0 Pacho Figueroa y Polo Rom\u00e1n; Dalmiro Cuellar; Sentimientos Mansero; Becho Riveiro; As\u00ed nomas;Carlitos Mamani; Leandro Guarachi; Aldo La Zamba; Los 4 de C\u00f3rdoba; Pinti Zalazar; Los del Rio; Franco Patagua; Tupac 7; Los Criollos; entre otros artistas.<\/p>\n<p>&nbsp;<\/p>\n<p>Vale recordar que tambi\u00e9n se concretar\u00e1 las 30 montas jineteada con los mejores reservados del norte argentino,\u00a0 adem\u00e1s de destrezas criollas.<\/p>\n<p>&nbsp;<\/p>\n<p>Las ventas de entradas anticipadas se realizar\u00e1n hasta el viernes 6 de febrero en la casilla de turismo de El Carmen o en la Secretaria de Cultura de provincia, ubicada en San Martin esquina Sarmiento.<\/p>\n<p>&nbsp;<\/p>\n","protected":false},"excerpt":{"rendered":"<p>El Intendente de El Carmen, Adrian Mendieta junto a miembros de la Asociaci\u00f3n Gaucha \u201cExodo Juje\u00f1o\u201d presentaron en conferencia de prensa las actividades que se desarrollar\u00e1n en homenaje a un nuevo aniversario del fallecimiento de Jorge Cafrune, que se desarrollar\u00e1 el pr\u00f3ximo 7 y 8 de febrero en el camping municipal de dicha localidad. Los [&hellip;]<\/p>\n","protected":false},"author":1,"featured_media":14319,"comment_status":"open","ping_status":"open","sticky":false,"template":"","format":"standard","meta":{"_stopmodifiedupdate":false,"_modified_date":"","inline_featured_image":false,"spay_email":"","jetpack_publicize_message":""},"categories":[21],"tags":[],"jetpack_featured_media_url":"https:\/\/notinor.com\/jujuy\/wp-content\/uploads\/2015\/01\/Jorge_Cafrune.jpg","jetpack_publicize_connections":[],"_links":{"self":[{"href":"https:\/\/notinor.com\/jujuy\/wp-json\/wp\/v2\/posts\/14317"}],"collection":[{"href":"https:\/\/notinor.com\/jujuy\/wp-json\/wp\/v2\/posts"}],"about":[{"href":"https:\/\/notinor.com\/jujuy\/wp-json\/wp\/v2\/types\/post"}],"author":[{"embeddable":true,"href":"https:\/\/notinor.com\/jujuy\/wp-json\/wp\/v2\/users\/1"}],"replies":[{"embeddable":true,"href":"https:\/\/notinor.com\/jujuy\/wp-json\/wp\/v2\/comments?post=14317"}],"version-history":[{"count":2,"href":"https:\/\/notinor.com\/jujuy\/wp-json\/wp\/v2\/posts\/14317\/revisions"}],"predecessor-version":[{"id":14364,"href":"https:\/\/notinor.com\/jujuy\/wp-json\/wp\/v2\/posts\/14317\/revisions\/14364"}],"wp:featuredmedia":[{"embeddable":true,"href":"https:\/\/notinor.com\/jujuy\/wp-json\/wp\/v2\/media\/14319"}],"wp:attachment":[{"href":"https:\/\/notinor.com\/jujuy\/wp-json\/wp\/v2\/media?parent=14317"}],"wp:term":[{"taxonomy":"category","embeddable":true,"href":"https:\/\/notinor.com\/jujuy\/wp-json\/wp\/v2\/categories?post=14317"},{"taxonomy":"post_tag","embeddable":true,"href":"https:\/\/notinor.com\/jujuy\/wp-json\/wp\/v2\/tags?post=14317"}],"curies":[{"name":"wp","href":"https:\/\/api.w.org\/{rel}","templated":true}]}}