{"id":14188,"date":"2015-01-28T00:03:01","date_gmt":"2015-01-28T03:03:01","guid":{"rendered":"http:\/\/notinor.com\/jujuy\/?p=14188"},"modified":"2015-01-27T23:21:23","modified_gmt":"2015-01-28T02:21:23","slug":"massa-pidio-convocar-a-expertos-internacionales-para-la-investigacion-de-la-muerte-de-nisman","status":"publish","type":"post","link":"https:\/\/notinor.com\/jujuy\/massa-pidio-convocar-a-expertos-internacionales-para-la-investigacion-de-la-muerte-de-nisman\/","title":{"rendered":"Massa pidi\u00f3 convocar a expertos internacionales para la investigaci\u00f3n de la muerte de Nisman"},"content":{"rendered":"<p>En sinton\u00eda con la reacci\u00f3n que manifest\u00f3 el grueso de la oposici\u00f3n, el jefe del Frente Renovador, Sergio Massa, expres\u00f3 su desacuerdo con el contenido del discurso que dio anoche Cristina Kirchner por cadena nacional para referirse a la muerte del fiscal Alberto Nisman y a la denuncia que el fiscal de la causa AMIA hizo contra el Gobierno. El diputado asegur\u00f3 que \"la sociedad esperaba otra cosa\".<\/p>\n<p>\"La sociedad argentina esperaba ver a un gobernante que diera una condolencia a la familia y un respaldo a la investigaci\u00f3n\", asegur\u00f3 el diputado en declaraciones a los canales TN, Am\u00e9rica24 y Cr\u00f3nica.<\/p>\n<p>En aras de esclarecer la muerte de Nisman, el legislador y precandidato a presidente consider\u00f3 que \"es tiempo de convocar a expertos internacionales\" para que ayuden en la investigaci\u00f3n. Argument\u00f3 que \u00e9stos dar\u00edan garant\u00edas de estar \"despojados de cualquier inter\u00e9s\".<\/p>\n<p>Propuso, adem\u00e1s, ofrecer una recompensa a quienes puedan aportar informaci\u00f3n que sirva para resolver el misterio la muerte de Nisman. \"Como hacen los pa\u00edses serios\", apunt\u00f3.<\/p>\n<p>Por otro lado, Massa coincidi\u00f3 con la mandataria en la necesidad de reformar la estructura de los servicios de inteligencia, para la cual Cristina Kirchner adelant\u00f3 que enviar\u00e1 un proyecto al Congreso. No obstante, cuestion\u00f3 la posibilidad de que el titular de la Agencia Federal de Inteligencia que impulsa la Casa Rosada sea designado por cuatro a\u00f1os.<\/p>\n<p>Critic\u00f3, asimismo, que las escuchas telef\u00f3nicas sean controladas por el Ministerio P\u00fablico Fiscal, tal como promueve el Gobierno al entender que es el \u00fanico ministerio extrapoder, seg\u00fan explic\u00f3 la mandataria. A su entender, esa tarea deber\u00eda estar a cargo de la Corte Suprema.<\/p>\n<p>\"Si vamos a cambiar de \u00f3rbita del Poder Ejecutivo al Poder Judicial, as\u00ed como en el Ejecutivo la Secretar\u00eda de Inteligencia depend\u00eda directamente del Presidente, la observaci\u00f3n judicial, la escucha, en el Poder Judicial debe depender del presidente de la Corte\", apunt\u00f3. Y se mostr\u00f3 esperanzado en que el m\u00e1ximo tribunal se pronuncie en ese sentido \"en las pr\u00f3ximas horas, atento al inicio del debate\".<\/p>\n<p>En cualquier caso, el diputado evalu\u00f3 que los cambios en Inteligencia deben estar acompa\u00f1ados tambi\u00e9n por una renuncia al memor\u00e1ndum que se firm\u00f3 con Ir\u00e1n para avanzar en la causa AMIA. Y volvi\u00f3 a exhortar a habilitar el juzgamiento en ausencia para proceder en la investigaci\u00f3n.<\/p>\n","protected":false},"excerpt":{"rendered":"<p>En sinton\u00eda con la reacci\u00f3n que manifest\u00f3 el grueso de la oposici\u00f3n, el jefe del Frente Renovador, Sergio Massa, expres\u00f3 su desacuerdo con el contenido del discurso que dio anoche Cristina Kirchner por cadena nacional para referirse a la muerte del fiscal Alberto Nisman y a la denuncia que el fiscal de la causa AMIA [&hellip;]<\/p>\n","protected":false},"author":1,"featured_media":14189,"comment_status":"open","ping_status":"open","sticky":false,"template":"","format":"standard","meta":{"_stopmodifiedupdate":false,"_modified_date":"","inline_featured_image":false,"spay_email":"","jetpack_publicize_message":""},"categories":[5],"tags":[],"jetpack_featured_media_url":"https:\/\/notinor.com\/jujuy\/wp-content\/uploads\/2015\/01\/massa-investigadores-internacionales.jpg","jetpack_publicize_connections":[],"_links":{"self":[{"href":"https:\/\/notinor.com\/jujuy\/wp-json\/wp\/v2\/posts\/14188"}],"collection":[{"href":"https:\/\/notinor.com\/jujuy\/wp-json\/wp\/v2\/posts"}],"about":[{"href":"https:\/\/notinor.com\/jujuy\/wp-json\/wp\/v2\/types\/post"}],"author":[{"embeddable":true,"href":"https:\/\/notinor.com\/jujuy\/wp-json\/wp\/v2\/users\/1"}],"replies":[{"embeddable":true,"href":"https:\/\/notinor.com\/jujuy\/wp-json\/wp\/v2\/comments?post=14188"}],"version-history":[{"count":1,"href":"https:\/\/notinor.com\/jujuy\/wp-json\/wp\/v2\/posts\/14188\/revisions"}],"predecessor-version":[{"id":14190,"href":"https:\/\/notinor.com\/jujuy\/wp-json\/wp\/v2\/posts\/14188\/revisions\/14190"}],"wp:featuredmedia":[{"embeddable":true,"href":"https:\/\/notinor.com\/jujuy\/wp-json\/wp\/v2\/media\/14189"}],"wp:attachment":[{"href":"https:\/\/notinor.com\/jujuy\/wp-json\/wp\/v2\/media?parent=14188"}],"wp:term":[{"taxonomy":"category","embeddable":true,"href":"https:\/\/notinor.com\/jujuy\/wp-json\/wp\/v2\/categories?post=14188"},{"taxonomy":"post_tag","embeddable":true,"href":"https:\/\/notinor.com\/jujuy\/wp-json\/wp\/v2\/tags?post=14188"}],"curies":[{"name":"wp","href":"https:\/\/api.w.org\/{rel}","templated":true}]}}