{"id":14175,"date":"2015-01-28T00:03:59","date_gmt":"2015-01-28T03:03:59","guid":{"rendered":"http:\/\/notinor.com\/jujuy\/?p=14175"},"modified":"2015-01-27T22:53:41","modified_gmt":"2015-01-28T01:53:41","slug":"un-argentino-fallecio-en-punta-del-este-por-una-bacteria-de-la-playa","status":"publish","type":"post","link":"https:\/\/notinor.com\/jujuy\/un-argentino-fallecio-en-punta-del-este-por-una-bacteria-de-la-playa\/","title":{"rendered":"Un argentino falleci\u00f3 en Punta del Este por una bacteria de la playa"},"content":{"rendered":"<p>Un argentino falleci\u00f3 en Uruguay a causa de una bacteria presente en el agua de las playas de Punta del Este. El hombre, que ten\u00eda 90 a\u00f1os y cuya identidad no trascendi\u00f3, muri\u00f3 este fin de semana, informaron las autoridades del ministerio de Salud de Uruguay. En diciembre, la misma bacteria, denominada \"vibro vulnificus\", atac\u00f3 a otra persona de 84 a\u00f1os.<\/p>\n<p>La directora de Salud, Marlene Sica, explic\u00f3 que se trata de una bacteria \"de muy baja patogenizidad\" y que \"no provoca nada cuando se trata de individuos sanos que no tienen ninguna herida en la piel\". La bacteria se encuentra en el agua, generalmente cuando hay mucho calor, y entra al cuerpo por heridas que no est\u00e9n bien cicatrizadas. \"No se trata de ninguna bacteria asesina\", aclar\u00f3 la funcionaria.<\/p>\n<p>Por otra parte, durante una conferencia de prensa, Raquel Rosa, directora de Epidemiolog\u00eda del ministerio de Salud de Uruguay, coment\u00f3 que uno de los fallecidos ten\u00eda una pr\u00f3tesis valvular a\u00f3rtica y otro un trasplante. \"Cada uno ten\u00eda una causa que hab\u00eda generado deterioro de su salud\", se\u00f1al\u00f3. Y sobre las heridas por las cuales la bacteria puede penetrar al organismo, la funcionaria se\u00f1al\u00f3 que \"pueden ser de cualquier tipo\" y detall\u00f3 que lo central es de qu\u00e9 forma responde el organismo del paciente a esa infecci\u00f3n bacterial. \"No es frecuente que haya mortalidad por esta bacteria\", se\u00f1al\u00f3.<\/p>\n<p>Las funcionarias explicaron que en general \"los casos son benignos\" y que existe un control estricto sobre el estado del agua. Sica record\u00f3 que despu\u00e9s de las lluvias, aumenta la proliferaci\u00f3n de bacterias, por lo que se recomienda a las personas evitar los ba\u00f1os prolongados en la playa.<\/p>\n","protected":false},"excerpt":{"rendered":"<p>Un argentino falleci\u00f3 en Uruguay a causa de una bacteria presente en el agua de las playas de Punta del Este. El hombre, que ten\u00eda 90 a\u00f1os y cuya identidad no trascendi\u00f3, muri\u00f3 este fin de semana, informaron las autoridades del ministerio de Salud de Uruguay. En diciembre, la misma bacteria, denominada \"vibro vulnificus\", atac\u00f3 [&hellip;]<\/p>\n","protected":false},"author":1,"featured_media":14176,"comment_status":"open","ping_status":"open","sticky":false,"template":"","format":"standard","meta":{"_stopmodifiedupdate":false,"_modified_date":"","inline_featured_image":false,"spay_email":"","jetpack_publicize_message":""},"categories":[6],"tags":[],"jetpack_featured_media_url":"https:\/\/notinor.com\/jujuy\/wp-content\/uploads\/2015\/01\/punta-del-este.jpg","jetpack_publicize_connections":[],"_links":{"self":[{"href":"https:\/\/notinor.com\/jujuy\/wp-json\/wp\/v2\/posts\/14175"}],"collection":[{"href":"https:\/\/notinor.com\/jujuy\/wp-json\/wp\/v2\/posts"}],"about":[{"href":"https:\/\/notinor.com\/jujuy\/wp-json\/wp\/v2\/types\/post"}],"author":[{"embeddable":true,"href":"https:\/\/notinor.com\/jujuy\/wp-json\/wp\/v2\/users\/1"}],"replies":[{"embeddable":true,"href":"https:\/\/notinor.com\/jujuy\/wp-json\/wp\/v2\/comments?post=14175"}],"version-history":[{"count":1,"href":"https:\/\/notinor.com\/jujuy\/wp-json\/wp\/v2\/posts\/14175\/revisions"}],"predecessor-version":[{"id":14177,"href":"https:\/\/notinor.com\/jujuy\/wp-json\/wp\/v2\/posts\/14175\/revisions\/14177"}],"wp:featuredmedia":[{"embeddable":true,"href":"https:\/\/notinor.com\/jujuy\/wp-json\/wp\/v2\/media\/14176"}],"wp:attachment":[{"href":"https:\/\/notinor.com\/jujuy\/wp-json\/wp\/v2\/media?parent=14175"}],"wp:term":[{"taxonomy":"category","embeddable":true,"href":"https:\/\/notinor.com\/jujuy\/wp-json\/wp\/v2\/categories?post=14175"},{"taxonomy":"post_tag","embeddable":true,"href":"https:\/\/notinor.com\/jujuy\/wp-json\/wp\/v2\/tags?post=14175"}],"curies":[{"name":"wp","href":"https:\/\/api.w.org\/{rel}","templated":true}]}}