{"id":141451,"date":"2017-10-25T00:03:13","date_gmt":"2017-10-25T03:03:13","guid":{"rendered":"http:\/\/notinor.com\/jujuy\/?p=141451"},"modified":"2017-10-25T09:51:26","modified_gmt":"2017-10-25T12:51:26","slug":"sin-acuerdo-los-gremios-docentes-y-el-gobiernos-retomaran-la-negociacion-el-miercoles-proximo","status":"publish","type":"post","link":"https:\/\/notinor.com\/jujuy\/sin-acuerdo-los-gremios-docentes-y-el-gobiernos-retomaran-la-negociacion-el-miercoles-proximo\/","title":{"rendered":"Sin acuerdo: Los gremios docentes y el gobiernos retomar\u00e1n la negociaci\u00f3n el mi\u00e9rcoles pr\u00f3ximo"},"content":{"rendered":"<div class=\"container-inner\">\n<div class=\"row\">\n<div class=\"span12\">\n<div class=\"post-header\">\n<div class=\"titulo tj_titular\"><\/div>\n<div class=\"titulo tj_titular\">Desde el Ministerio de trabajo, Cabana Fusz indic\u00f3 que la reuni\u00f3n\u00a0comenz\u00f3 con Ricardo Ajalla, Secretario Gral. de CeDEMS para dialogar sobre los d\u00edas de paro realizados el 12 y 13 de octubre.<\/div>\n<div class=\"titulo tj_titular\"><\/div>\n<div class=\"titulo tj_titular\">Por otra parte, se mantiene el piso de la negociaci\u00f3n en 24% mas el premio de 10% sobre el salario de cada persona. De igual manera se expuso que \"la clausula gatillo\" no existe, pero si se tendr\u00e1 lugar a dialogar los temas planteados.<\/div>\n<div class=\"titulo tj_titular\"><a href=\"http:\/\/notinor.com\/jujuy\/wp-content\/uploads\/2017\/10\/renuion-gobierno-gremios-docentes.jpg\"><img decoding=\"async\" loading=\"lazy\" class=\"size-large wp-image-141486 aligncenter\" src=\"http:\/\/notinor.com\/jujuy\/wp-content\/uploads\/2017\/10\/renuion-gobierno-gremios-docentes-800x547.jpg\" alt=\"renuion gobierno gremios docentes\" width=\"800\" height=\"547\" srcset=\"https:\/\/notinor.com\/jujuy\/wp-content\/uploads\/2017\/10\/renuion-gobierno-gremios-docentes-800x547.jpg 800w, https:\/\/notinor.com\/jujuy\/wp-content\/uploads\/2017\/10\/renuion-gobierno-gremios-docentes-300x205.jpg 300w, https:\/\/notinor.com\/jujuy\/wp-content\/uploads\/2017\/10\/renuion-gobierno-gremios-docentes.jpg 870w\" sizes=\"(max-width: 800px) 100vw, 800px\" \/><\/a><\/div>\n<div class=\"titulo tj_titular\"><\/div>\n<div class=\"titulo tj_titular\">Sobre el premio, el Secretario de CeDEMS, aclar\u00f3, \"genera presi\u00f3n en los docentes y ante situaciones especiales que justifican la inasistencia, pierden este porcentaje extra\".<\/div>\n<\/div>\n<\/div>\n<\/div>\n<\/div>\n<div class=\"item_texto\"><\/div>\n<div class=\"item_texto\">Ajalla, enfatiz\u00f3, \u201cTenemos que firmar el gobierno para que se les pague. Va a salir a trav\u00e9s del Ministerio de Desarrollo Humano y continuar\u00e1n en sus cargos hasta el 31 de diciembre\u201d. De igual manera anunci\u00f3 que presentar\u00e1n un proyecto en el Ministerio de Educaci\u00f3n para explicar c\u00f3mo quieren trabajar durante el 2018.<\/div>\n<div class=\"item_texto\"><\/div>\n<div class=\"item_texto\"><\/div>\n<div class=\"container-inner\"><\/div>\n<div class=\"post-content\"><\/div>\n<div class=\"container-inner\"><\/div>\n","protected":false},"excerpt":{"rendered":"<p>Desde el Ministerio de trabajo, Cabana Fusz indic\u00f3 que la reuni\u00f3n\u00a0comenz\u00f3 con Ricardo Ajalla, Secretario Gral. de CeDEMS para dialogar sobre los d\u00edas de paro realizados el 12 y 13 de octubre. Por otra parte, se mantiene el piso de la negociaci\u00f3n en 24% mas el premio de 10% sobre el salario de cada persona. [&hellip;]<\/p>\n","protected":false},"author":1,"featured_media":141486,"comment_status":"open","ping_status":"open","sticky":false,"template":"","format":"standard","meta":{"_stopmodifiedupdate":false,"_modified_date":"","inline_featured_image":false},"categories":[485],"tags":[],"jetpack_featured_media_url":"https:\/\/notinor.com\/jujuy\/wp-content\/uploads\/2017\/10\/renuion-gobierno-gremios-docentes.jpg","_links":{"self":[{"href":"https:\/\/notinor.com\/jujuy\/wp-json\/wp\/v2\/posts\/141451"}],"collection":[{"href":"https:\/\/notinor.com\/jujuy\/wp-json\/wp\/v2\/posts"}],"about":[{"href":"https:\/\/notinor.com\/jujuy\/wp-json\/wp\/v2\/types\/post"}],"author":[{"embeddable":true,"href":"https:\/\/notinor.com\/jujuy\/wp-json\/wp\/v2\/users\/1"}],"replies":[{"embeddable":true,"href":"https:\/\/notinor.com\/jujuy\/wp-json\/wp\/v2\/comments?post=141451"}],"version-history":[{"count":1,"href":"https:\/\/notinor.com\/jujuy\/wp-json\/wp\/v2\/posts\/141451\/revisions"}],"predecessor-version":[{"id":141487,"href":"https:\/\/notinor.com\/jujuy\/wp-json\/wp\/v2\/posts\/141451\/revisions\/141487"}],"wp:featuredmedia":[{"embeddable":true,"href":"https:\/\/notinor.com\/jujuy\/wp-json\/wp\/v2\/media\/141486"}],"wp:attachment":[{"href":"https:\/\/notinor.com\/jujuy\/wp-json\/wp\/v2\/media?parent=141451"}],"wp:term":[{"taxonomy":"category","embeddable":true,"href":"https:\/\/notinor.com\/jujuy\/wp-json\/wp\/v2\/categories?post=141451"},{"taxonomy":"post_tag","embeddable":true,"href":"https:\/\/notinor.com\/jujuy\/wp-json\/wp\/v2\/tags?post=141451"}],"curies":[{"name":"wp","href":"https:\/\/api.w.org\/{rel}","templated":true}]}}