{"id":141450,"date":"2017-10-25T00:04:10","date_gmt":"2017-10-25T03:04:10","guid":{"rendered":"http:\/\/notinor.com\/jujuy\/?p=141450"},"modified":"2017-10-25T09:54:35","modified_gmt":"2017-10-25T12:54:35","slug":"gerardo-morales-almorzo-en-la-casa-rosada-junto-a-gobernadores-y-funcionarios-de-gobierno","status":"publish","type":"post","link":"https:\/\/notinor.com\/jujuy\/gerardo-morales-almorzo-en-la-casa-rosada-junto-a-gobernadores-y-funcionarios-de-gobierno\/","title":{"rendered":"Morales se reuni\u00f3 con Gobernadores y funcionarios de gobierno en la Casa Rosada"},"content":{"rendered":"<div class=\"post-content\">\n<p>El gobernador Gerardo Morales particip\u00f3 el almuerzo que el presidente Mauricio Macri comparti\u00f3 con mandatarios provinciales, miembros del gabinete, legisladores en funciones y electos de Cambiemos y referentes partidarios.<\/p>\n<figure id=\"attachment_26450\" class=\"wp-caption aligncenter\"><figcaption class=\"wp-caption-text\"><\/figcaption>En el encuentro que tuvo lugar en la Casa Rosada, estuvieron presentes el gobernador de Jujuy y sus pares Mar\u00eda Eugenia Vidal, de Buenos Aires; Ricardo Colombi, Corrientes; y Alfredo Cornejo, Mendoza; el jefe de Gobierno porte\u00f1o, Horacio Rodr\u00edguez Larreta; y el intendente de la ciudad de Santa Fe, Jos\u00e9 Corral.<\/p>\n<\/figure>\n<p><img decoding=\"async\" loading=\"lazy\" class=\"size-large wp-image-26450\" src=\"http:\/\/prensa.jujuy.gob.ar\/wp-content\/uploads\/sites\/37\/2017\/10\/ALMUERZO-MACRI-Y-GOBERNADORES-01-1024x618.jpg\" sizes=\"(max-width: 1024px) 100vw, 1024px\" srcset=\"http:\/\/prensa.jujuy.gob.ar\/wp-content\/uploads\/sites\/37\/2017\/10\/ALMUERZO-MACRI-Y-GOBERNADORES-01-1024x618.jpg 1024w, http:\/\/prensa.jujuy.gob.ar\/wp-content\/uploads\/sites\/37\/2017\/10\/ALMUERZO-MACRI-Y-GOBERNADORES-01-300x181.jpg 300w, http:\/\/prensa.jujuy.gob.ar\/wp-content\/uploads\/sites\/37\/2017\/10\/ALMUERZO-MACRI-Y-GOBERNADORES-01-768x464.jpg 768w, http:\/\/prensa.jujuy.gob.ar\/wp-content\/uploads\/sites\/37\/2017\/10\/ALMUERZO-MACRI-Y-GOBERNADORES-01-600x362.jpg 600w, http:\/\/prensa.jujuy.gob.ar\/wp-content\/uploads\/sites\/37\/2017\/10\/ALMUERZO-MACRI-Y-GOBERNADORES-01-1140x688.jpg 1140w, http:\/\/prensa.jujuy.gob.ar\/wp-content\/uploads\/sites\/37\/2017\/10\/ALMUERZO-MACRI-Y-GOBERNADORES-01-480x290.jpg 480w, http:\/\/prensa.jujuy.gob.ar\/wp-content\/uploads\/sites\/37\/2017\/10\/ALMUERZO-MACRI-Y-GOBERNADORES-01-960x580.jpg 960w\" alt=\"Gerardo Morales, en el almuerzo que el presidente Macri ofreci\u00f3 a gobernadores, funcionarios y legisladores de Cambiemos en la Casa Rosada.\" width=\"1024\" height=\"618\" \/><\/p>\n<figure id=\"attachment_26450\" class=\"wp-caption aligncenter\"><figcaption class=\"wp-caption-text\">Gerardo Morales, en el almuerzo que el presidente Macri ofreci\u00f3 a gobernadores, funcionarios y legisladores de Cambiemos en la Casa Rosada.<\/figcaption><\/figure>\n<p>&nbsp;<\/p>\n<p>Tambi\u00e9n participaron la vicepresidenta, Gabriela Michetti; los titulares del Senado, Federico Pinedo; y de la C\u00e1mara de Diputados, Emilio Monz\u00f3; el jefe de Gabinete de la Naci\u00f3n, Marcos Pe\u00f1a; y los ministros Rogelio Frigerio, de Interior; Jorge Triaca, de Trabajo; y Nicol\u00e1s Dujovne, de Hacienda.<\/p>\n<p>A ellos se sumaron el secretario general de la Presidencia, Fernando de Andreis; y los secretarios de Coordinaci\u00f3n Interministerial, Mario Quintana; y de Coordinaci\u00f3n de Pol\u00edticas P\u00fablicas, Gustavo Lopetegui; y el viceministro de Interior, Sebasti\u00e1n Garc\u00eda De Luca.<\/p>\n<p>La mesa se complet\u00f3 con el jefe del Interbloque Cambiemos en la C\u00e1mara Baja, Mario Negri; Humberto Schiavoni, senador nacional electo por Misiones; el diputado nacional Fernando S\u00e1nchez, el diputado nacional electo Juan Manuel L\u00f3pez; el legislador porte\u00f1o de la Coalici\u00f3n C\u00edvica \u2013 ARI Maximiliano Ferraro y la diputada provincial bonaerense electa Maricel Etchecoin.<\/p>\n<\/div>\n<div class=\"container-inner\"><\/div>\n","protected":false},"excerpt":{"rendered":"<p>El gobernador Gerardo Morales particip\u00f3 el almuerzo que el presidente Mauricio Macri comparti\u00f3 con mandatarios provinciales, miembros del gabinete, legisladores en funciones y electos de Cambiemos y referentes partidarios. En el encuentro que tuvo lugar en la Casa Rosada, estuvieron presentes el gobernador de Jujuy y sus pares Mar\u00eda Eugenia Vidal, de Buenos Aires; Ricardo [&hellip;]<\/p>\n","protected":false},"author":1,"featured_media":141453,"comment_status":"open","ping_status":"open","sticky":false,"template":"","format":"standard","meta":{"_stopmodifiedupdate":false,"_modified_date":"","inline_featured_image":false},"categories":[485],"tags":[],"jetpack_featured_media_url":"https:\/\/notinor.com\/jujuy\/wp-content\/uploads\/2017\/10\/morales-con-gobernadores-en-casa-rosada.jpg","_links":{"self":[{"href":"https:\/\/notinor.com\/jujuy\/wp-json\/wp\/v2\/posts\/141450"}],"collection":[{"href":"https:\/\/notinor.com\/jujuy\/wp-json\/wp\/v2\/posts"}],"about":[{"href":"https:\/\/notinor.com\/jujuy\/wp-json\/wp\/v2\/types\/post"}],"author":[{"embeddable":true,"href":"https:\/\/notinor.com\/jujuy\/wp-json\/wp\/v2\/users\/1"}],"replies":[{"embeddable":true,"href":"https:\/\/notinor.com\/jujuy\/wp-json\/wp\/v2\/comments?post=141450"}],"version-history":[{"count":7,"href":"https:\/\/notinor.com\/jujuy\/wp-json\/wp\/v2\/posts\/141450\/revisions"}],"predecessor-version":[{"id":141494,"href":"https:\/\/notinor.com\/jujuy\/wp-json\/wp\/v2\/posts\/141450\/revisions\/141494"}],"wp:featuredmedia":[{"embeddable":true,"href":"https:\/\/notinor.com\/jujuy\/wp-json\/wp\/v2\/media\/141453"}],"wp:attachment":[{"href":"https:\/\/notinor.com\/jujuy\/wp-json\/wp\/v2\/media?parent=141450"}],"wp:term":[{"taxonomy":"category","embeddable":true,"href":"https:\/\/notinor.com\/jujuy\/wp-json\/wp\/v2\/categories?post=141450"},{"taxonomy":"post_tag","embeddable":true,"href":"https:\/\/notinor.com\/jujuy\/wp-json\/wp\/v2\/tags?post=141450"}],"curies":[{"name":"wp","href":"https:\/\/api.w.org\/{rel}","templated":true}]}}