{"id":141276,"date":"2017-10-25T00:03:22","date_gmt":"2017-10-25T03:03:22","guid":{"rendered":"http:\/\/notinor.com\/jujuy\/?p=141276"},"modified":"2017-10-25T09:25:53","modified_gmt":"2017-10-25T12:25:53","slug":"gerardo-morales-nadie-tiene-un-cheque-en-blanco-se-rinde-un-examen-y-se-rinden-cuentas","status":"publish","type":"post","link":"https:\/\/notinor.com\/jujuy\/gerardo-morales-nadie-tiene-un-cheque-en-blanco-se-rinde-un-examen-y-se-rinden-cuentas\/","title":{"rendered":"Gerardo Morales: \u201cNadie tiene un cheque en blanco, se rinde un examen y se rinden cuentas\u201d"},"content":{"rendered":"<p>En conferencia de prensa en el sal\u00f3n blanco de la casa de gobierno, el gobernador de la Provincia, Gerardo Morales, se refiri\u00f3 a las pasadas elecciones del 22 de octubre y a los resultados que seg\u00fan el gobernador \u201cexpresaron la reafirmaci\u00f3n del apoyo por parte del pueblo juje\u00f1o a la gesti\u00f3n del Frente Cambia Jujuy\u201d, asimismo, balanceo su gesti\u00f3n de gobierno y propin\u00f3 opini\u00f3n sobre los cambios que se considera deben hacerse en su gesti\u00f3n.<\/p>\n<p>En dicha conferencia tambien estuvieron presentes el vicegobernador, Carlos Haquim, el senador nacional electo Mario Fiad; los diputados nacionales electos; Gabriela Burgos y Osmar Monaldi; el diputado provincial Alberto Bernis; los legisladores provinciales electos Sebasti\u00e1n Echavarri y Susana Haquim, por el Frente Renovador. Tambi\u00e9n acompa\u00f1aron parte del gabinete provincial.<\/p>\n<p><a href=\"http:\/\/notinor.com\/jujuy\/wp-content\/uploads\/2017\/10\/22773445_10155898481189708_60376105_n3.jpg\"><img decoding=\"async\" loading=\"lazy\" class=\"wp-image-141287 size-full aligncenter\" src=\"http:\/\/notinor.com\/jujuy\/wp-content\/uploads\/2017\/10\/22773445_10155898481189708_60376105_n3.jpg\" alt=\"22773445_10155898481189708_60376105_n\" width=\"800\" height=\"533\" srcset=\"https:\/\/notinor.com\/jujuy\/wp-content\/uploads\/2017\/10\/22773445_10155898481189708_60376105_n3.jpg 800w, https:\/\/notinor.com\/jujuy\/wp-content\/uploads\/2017\/10\/22773445_10155898481189708_60376105_n3-300x200.jpg 300w\" sizes=\"(max-width: 800px) 100vw, 800px\" \/><\/a><\/p>\n<p>Gerardo Morales marc\u00f3 que los guarismos arrojados por el escrutinio provisorio, permiten a Cambia Jujuy posicionar a dos senadores y dos diputados en el Congreso de la Naci\u00f3n, como as\u00ed tambi\u00e9n ingresar 15 diputados a la Legislatura.<\/p>\n<p>Sobre los resultados\u00a0 de las elecciones legislativas del domingo, el gobernador Gerardo Morales se\u00f1al\u00f3 \u201cnos sentimos interpelados a trabajar m\u00e1s\u201d y asegur\u00f3 que \u201cnadie tiene un cheque en blanco, se rinde un examen y se rinden cuentas\u201d.<\/p>\n<p>En este sentido hizo referencia a la necesidad de seguir avanzando en torno a la creaci\u00f3n de nuevos puestos de trabajo y apostar a la matriz productiva local, a fin de combatir el desempleo y la pobreza.<\/p>\n<p>Al respecto el gobernador adelant\u00f3 que el 2018 ser\u00e1 un a\u00f1o de austeridad, explic\u00f3 \u201cvamos a contener el gasto, el 2018 va a ser un a\u00f1o de austeridad, pero dejo claro esto, no vamos a echar gente\u201d.<\/p>\n<p>Igualmente, adelant\u00f3 que trabajar\u00e1n fuertemente en relaci\u00f3n al pacto social por la educaci\u00f3n dialogando con todos los sectores vinculados. Sobre los conflictos presentes en la educaci\u00f3n ejemplifico \u00a0\u201cno vamos a pagar cargos a quienes no son docentes, se utiliz\u00f3 al Ministerio de Educaci\u00f3n como una caja y no lo es\u201d.<\/p>\n<p>Adem\u00e1s el gobernador se\u00f1al\u00f3 que prev\u00e9 convocar el pr\u00f3ximo mes \u00a0a las entidades gremiales que nuclean a los docentes, a los efectos de encaminar la discusi\u00f3n del nuevo pacto social por la educaci\u00f3n.<\/p>\n<p>Morales remarc\u00f3 que los pr\u00f3ximos dos meses ser\u00e1n destinados a preparar la estructura de trabajo para afrontar los desaf\u00edos que depara 2018, a\u00f1o que avizora como \u201cintenso\u201d en materia de generaci\u00f3n de empleo privado en Jujuy.<\/p>\n<p>Por su parte, los reci\u00e9n electos legisladores nacionales, Mario Fiad y Gabriela Burgos, avanzaron algunos proyectos sobre los cuales trabajar\u00e1n en el Senado y el Congreso de la Naci\u00f3n. Entre ellos destacaron la lucha contra el narcotr\u00e1fico, dar mayor impulso a los proyectos productivos de la provincia, fortalecer el turismo, como as\u00ed tambi\u00e9n el presupuesto 2018, la coparticipaci\u00f3n, entre otros temas pendientes entre la Naci\u00f3n y la provincia.<\/p>\n<p>El gobernador anticipo que a fines de noviembre estar\u00e1 listo para su lanzamiento el nuevo plan estrat\u00e9gico de turismo, que apunta a dinamizar esta actividad clave para la econom\u00eda local y regional y que prev\u00e9, entre otros aspectos, multiplicar la cantidad de camas en toda la provincia para recibir a los turistas<\/p>\n<p>A modo de balance Gerardo Morales explic\u00f3 que el pr\u00f3ximo paso es avanzar en el an\u00e1lisis de todas las \u00e1reas de gobierno, de manera de \u201cdetectar debilidades, diagnosticar fortalezas y propiciar una reacci\u00f3n positiva ante el pronunciamiento democr\u00e1tico de los juje\u00f1os\u201d.<\/p>\n<p>Asimismo al abordar el direccionamiento del sufragio, Morales indic\u00f3 que \u201cvotar al Frente Juje\u00f1o Cambiemos o al Frente Renovador, era votar a la gesti\u00f3n de gobierno que est\u00e1 transformando la provincia\u201d y resalt\u00f3 que este valor \u201cfue plebiscitado ante la ciudadan\u00eda, logrando una contundente aprobaci\u00f3n con un porcentaje de votos mayor al obtenido en 2015\u201d.<\/p>\n<p>\u201cLa primera carga de responsabilidad que tenemos es con ese 62 % del pueblo juje\u00f1o que nos dice van bien, entonces tenemos que actuar con humildad y mirar el voto opositor porque gobernamos para todos los juje\u00f1os\u201d, subray\u00f3.<\/p>\n<p>Indic\u00f3 que este viernes se reunir\u00e1 con el presidente Macri, y coment\u00f3 \u201cseguro nos reuniremos los gobernadores con el presidente para hablar de la agenda fiscal del a\u00f1o que viene\u201d.<\/p>\n<p>Asimismo el gobernador hizo referencia a la denominada Megacausa, Morales expres\u00f3 \u201ceso est\u00e1 en manos de la justicia, lamento que muchos intendente, como \u2018Chuli\u2019 inclusive, hayan sido rehenes del sistema de impunidad bancado por el anterior gobierno, nacional y provincial\u201d. \u201cHan sido presos de esa nefasta pol\u00edtica que atras\u00f3 Jujuy y violent\u00f3 Jujuy. Est\u00e1 todo en manos de la justicia. Hay que dejar a los jueces que act\u00faen\u201d concluy\u00f3 Morales.<\/p>\n","protected":false},"excerpt":{"rendered":"<p>En conferencia de prensa en el sal\u00f3n blanco de la casa de gobierno, el gobernador de la Provincia, Gerardo Morales, se refiri\u00f3 a las pasadas elecciones del 22 de octubre y a los resultados que seg\u00fan el gobernador \u201cexpresaron la reafirmaci\u00f3n del apoyo por parte del pueblo juje\u00f1o a la gesti\u00f3n del Frente Cambia Jujuy\u201d, [&hellip;]<\/p>\n","protected":false},"author":1,"featured_media":141287,"comment_status":"open","ping_status":"open","sticky":false,"template":"","format":"standard","meta":{"_stopmodifiedupdate":false,"_modified_date":"","inline_featured_image":false},"categories":[493],"tags":[],"jetpack_featured_media_url":"https:\/\/notinor.com\/jujuy\/wp-content\/uploads\/2017\/10\/22773445_10155898481189708_60376105_n3.jpg","_links":{"self":[{"href":"https:\/\/notinor.com\/jujuy\/wp-json\/wp\/v2\/posts\/141276"}],"collection":[{"href":"https:\/\/notinor.com\/jujuy\/wp-json\/wp\/v2\/posts"}],"about":[{"href":"https:\/\/notinor.com\/jujuy\/wp-json\/wp\/v2\/types\/post"}],"author":[{"embeddable":true,"href":"https:\/\/notinor.com\/jujuy\/wp-json\/wp\/v2\/users\/1"}],"replies":[{"embeddable":true,"href":"https:\/\/notinor.com\/jujuy\/wp-json\/wp\/v2\/comments?post=141276"}],"version-history":[{"count":4,"href":"https:\/\/notinor.com\/jujuy\/wp-json\/wp\/v2\/posts\/141276\/revisions"}],"predecessor-version":[{"id":141467,"href":"https:\/\/notinor.com\/jujuy\/wp-json\/wp\/v2\/posts\/141276\/revisions\/141467"}],"wp:featuredmedia":[{"embeddable":true,"href":"https:\/\/notinor.com\/jujuy\/wp-json\/wp\/v2\/media\/141287"}],"wp:attachment":[{"href":"https:\/\/notinor.com\/jujuy\/wp-json\/wp\/v2\/media?parent=141276"}],"wp:term":[{"taxonomy":"category","embeddable":true,"href":"https:\/\/notinor.com\/jujuy\/wp-json\/wp\/v2\/categories?post=141276"},{"taxonomy":"post_tag","embeddable":true,"href":"https:\/\/notinor.com\/jujuy\/wp-json\/wp\/v2\/tags?post=141276"}],"curies":[{"name":"wp","href":"https:\/\/api.w.org\/{rel}","templated":true}]}}