{"id":140570,"date":"2017-10-18T20:27:30","date_gmt":"2017-10-18T23:27:30","guid":{"rendered":"http:\/\/notinor.com\/jujuy\/?p=140570"},"modified":"2017-10-18T20:27:30","modified_gmt":"2017-10-18T23:27:30","slug":"reprograman-trekking-corriendo-voy","status":"publish","type":"post","link":"https:\/\/notinor.com\/jujuy\/reprograman-trekking-corriendo-voy\/","title":{"rendered":"Reprograman Trekking \u201cCorriendo Voy\u201d"},"content":{"rendered":"<p>La Secretar\u00eda de Deportes y Recreaci\u00f3n del Ministerio de Desarrollo Humano inform\u00f3 que la Caminata hacia Cascada de Los Pa\u00f1os en La Almona que deb\u00eda realizarse el 14 de octubre fue reprogramada para el s\u00e1bado 21 de octubre.<\/p>\n<p>Esta actividad se enmarca en el evento \u201cEco Trekking Corriendo Voy\u201d del programa Corriendo Voy que implementa el organismo en el presente a\u00f1o desde el mes de abril.<\/p>\n<p>Los interesados en participar de este trekking podr\u00e1n inscribirse en el horario de 7 a 13 horas, en dependencias del organismo ubicado en Avenida Senador P\u00e9rez N\u00b0 208 de la Capital juje\u00f1a, o comunicarse por mayores informes al tel\u00e9fono 0388 4221310.<\/p>\n<p>Este propuesta requiere la realizaci\u00f3n habitual de actividad f\u00edsica, ya que tiene prevista una duraci\u00f3n de aproximadamente 4 horas, con un\u00a0 recorrido por un sendero de treeking por un bosque mixto de acacias y nogales para luego entrar\u00a0 en un sitio con paredones verdosos y cargados de frescura.<\/p>\n<p>Dentro del programa Corriendo Voy, se realizan caminatas y trails en distintos lugares, recorriendo las distintas regiones geogr\u00e1ficas de la provincia; puna, valles, quebradas y yungasbuscando promover la salud integral a trav\u00e9s de la actividad f\u00edsica, potenciando los atractivos locales estimulando la concientizaci\u00f3n sobre el cuidado del medio ambiente.<\/p>\n","protected":false},"excerpt":{"rendered":"<p>La Secretar\u00eda de Deportes y Recreaci\u00f3n del Ministerio de Desarrollo Humano inform\u00f3 que la Caminata hacia Cascada de Los Pa\u00f1os en La Almona que deb\u00eda realizarse el 14 de octubre fue reprogramada para el s\u00e1bado 21 de octubre. Esta actividad se enmarca en el evento \u201cEco Trekking Corriendo Voy\u201d del programa Corriendo Voy que implementa [&hellip;]<\/p>\n","protected":false},"author":5,"featured_media":140571,"comment_status":"open","ping_status":"open","sticky":false,"template":"","format":"standard","meta":{"_stopmodifiedupdate":false,"_modified_date":"","inline_featured_image":false},"categories":[2],"tags":[],"jetpack_featured_media_url":"https:\/\/notinor.com\/jujuy\/wp-content\/uploads\/2017\/10\/cascada-de-los-pa\u00f1os-archivo.jpg","_links":{"self":[{"href":"https:\/\/notinor.com\/jujuy\/wp-json\/wp\/v2\/posts\/140570"}],"collection":[{"href":"https:\/\/notinor.com\/jujuy\/wp-json\/wp\/v2\/posts"}],"about":[{"href":"https:\/\/notinor.com\/jujuy\/wp-json\/wp\/v2\/types\/post"}],"author":[{"embeddable":true,"href":"https:\/\/notinor.com\/jujuy\/wp-json\/wp\/v2\/users\/5"}],"replies":[{"embeddable":true,"href":"https:\/\/notinor.com\/jujuy\/wp-json\/wp\/v2\/comments?post=140570"}],"version-history":[{"count":1,"href":"https:\/\/notinor.com\/jujuy\/wp-json\/wp\/v2\/posts\/140570\/revisions"}],"predecessor-version":[{"id":140572,"href":"https:\/\/notinor.com\/jujuy\/wp-json\/wp\/v2\/posts\/140570\/revisions\/140572"}],"wp:featuredmedia":[{"embeddable":true,"href":"https:\/\/notinor.com\/jujuy\/wp-json\/wp\/v2\/media\/140571"}],"wp:attachment":[{"href":"https:\/\/notinor.com\/jujuy\/wp-json\/wp\/v2\/media?parent=140570"}],"wp:term":[{"taxonomy":"category","embeddable":true,"href":"https:\/\/notinor.com\/jujuy\/wp-json\/wp\/v2\/categories?post=140570"},{"taxonomy":"post_tag","embeddable":true,"href":"https:\/\/notinor.com\/jujuy\/wp-json\/wp\/v2\/tags?post=140570"}],"curies":[{"name":"wp","href":"https:\/\/api.w.org\/{rel}","templated":true}]}}