{"id":140561,"date":"2017-10-19T00:00:38","date_gmt":"2017-10-19T03:00:38","guid":{"rendered":"http:\/\/notinor.com\/jujuy\/?p=140561"},"modified":"2017-10-19T12:07:43","modified_gmt":"2017-10-19T15:07:43","slug":"lo-que-hay-que-saber-para-que-la-reparacion-historica-no-sea-un-dolor-de-cabeza","status":"publish","type":"post","link":"https:\/\/notinor.com\/jujuy\/lo-que-hay-que-saber-para-que-la-reparacion-historica-no-sea-un-dolor-de-cabeza\/","title":{"rendered":"Lo que hay que saber para que la Reparaci\u00f3n Hist\u00f3rica no sea un dolor de cabeza"},"content":{"rendered":"<p>El abogado previsional, explica lo importante de la reparaci\u00f3n hist\u00f3rica para que los jubilados o familiares de jubilados est\u00e9n al tanto de lo que hay que saber para hacer el tr\u00e1mite o iniciar el juicio correspondiente ante ANSES.<\/p>\n<p><strong>-\u00bfQu\u00e9 es la reparaci\u00f3n hist\u00f3rica?<\/strong><\/p>\n<p>Dr. Figueroa- \"La reparaci\u00f3n hist\u00f3rica nace en septiembre del 2016 destinada a pagar lo juicios de los Jubilados porque hay un a cantidad tan enorme y que no cesa. Se ve que el gobierno no ten\u00eda otra salida que ofrecer estos pagos\".<\/p>\n<p>\"La situaci\u00f3n de los jubilados con juicio ya arrastra una mora de aproximadamente doce a quince a\u00f1os, que se va pagando muy de a poco y los juicios siguen y siguen por la conducta que tiene ANSES, que pese a los reclamos administrativos que se hacen en forma previa al juicio, lo usual es que contesten que no\".<\/p>\n<p><a href=\"http:\/\/notinor.com\/jujuy\/wp-content\/uploads\/2017\/10\/WhatsApp-Image-2017-10-18-at-19.19.26.jpeg\"><img decoding=\"async\" loading=\"lazy\" class=\"alignnone wp-image-140563 size-full\" src=\"http:\/\/notinor.com\/jujuy\/wp-content\/uploads\/2017\/10\/WhatsApp-Image-2017-10-18-at-19.19.26.jpeg\" alt=\"WhatsApp Image 2017-10-18 at 19.19.26\" width=\"1280\" height=\"604\" srcset=\"https:\/\/notinor.com\/jujuy\/wp-content\/uploads\/2017\/10\/WhatsApp-Image-2017-10-18-at-19.19.26.jpeg 1280w, https:\/\/notinor.com\/jujuy\/wp-content\/uploads\/2017\/10\/WhatsApp-Image-2017-10-18-at-19.19.26-300x142.jpeg 300w, https:\/\/notinor.com\/jujuy\/wp-content\/uploads\/2017\/10\/WhatsApp-Image-2017-10-18-at-19.19.26-800x378.jpeg 800w\" sizes=\"(max-width: 1280px) 100vw, 1280px\" \/><\/a><\/p>\n<p>\"Entonces no le queda otro camino al jubilado que el juicio, esto es para los que tienen entre doce y quince a\u00f1os de antig\u00fcedad, entonces imaginen que la\u00a0 cantidad es millonaria en juicios\".<\/p>\n<p>\"Esta ley est\u00e1 destinada en un principio a pagar esos juicios y adem\u00e1s, en una medida l\u00f3gica, quieren que no haya m\u00e1s (juicios). Para eso dijeron (desde la ANSES) que vendr\u00eda tambi\u00e9n una reparaci\u00f3n para quienes\u00a0 est\u00e1n en juicio, pero tambi\u00e9n le van a recomponer el haber y reajustar al haber mensual\".<\/p>\n<p>&nbsp;<\/p>\n<p><strong>-\u00bfA qu\u00e9 se deben los juicios?<\/strong><\/p>\n<p>Dr. Figueroa- \"A los errores en las liquidaciones de ANSES que sigue un procedimiento totalmente secreto, interno, que nadie tiene acceso y que solamente se entera cuando es notificado que va a cobrar tal jubilaci\u00f3n y ah\u00ed pueden advertir los errores\".<\/p>\n<p>&nbsp;<\/p>\n<p><strong>-\u00bfLa reparaci\u00f3n hist\u00f3rica es para todos los jubilados?<\/strong><\/p>\n<p>Dr. Figueroa- \"No todos los jubilados del pa\u00eds entran en el programa, solamente est\u00e1n accedidos a \u00e9l aquellos que est\u00e1n comprendidos en la ley general de jubilaciones la N\u00b0 24.241 de la naci\u00f3n y las anteriores\u00a0 que la sucedieron; por lo tanto todos aquellos que por alg\u00fan convenio especial o ley especial tienen acceso a una jubilaci\u00f3n diferente o mayor no entran en el programa\".<\/p>\n<p>\"En nuestra provincia no entran los docentes que por la ley N\u00b024.016 tienen garantizado el 82% m\u00f3vil, ni los polic\u00edas porque su ley de retiro tambi\u00e9n los lleva al 82% y tambi\u00e9n algunas actividades especiales\".<\/p>\n<p><strong>-Entonces, \u00bfes solo para los que tienen iniciado el juicio?<\/strong><\/p>\n<p>Dr. Figueroa- \"Uno de los objetivos era de pagar y adem\u00e1s reajustar el haber, pero tambi\u00e9n hay otros muchos jubilados que no hicieron juicio, y que tambi\u00e9n tienen derecho a esa recomposici\u00f3n, a ese ajuste de su haber que tambi\u00e9n est\u00e1n contemplados\".<\/p>\n<p>&nbsp;<\/p>\n<p><strong>-\u00bfQu\u00e9 es lo que debe hacer el jubilado para iniciar el tr\u00e1mite?<\/strong><\/p>\n<p>Dr. Figueroa- \"El jubilado debe saber\u00a0 si est\u00e1 comprendido o no en el programa, pero para acceder a toda la informaci\u00f3n, debe gestionar lo que se llama la <strong>clave de la seguridad social<\/strong>, este es un procedimiento que se hace a trav\u00e9s del sistema Web o tambi\u00e9n te los hacen en alg\u00fan Ciber, con\u00a0 esa clave hay que acceder al sistema Web de ANSES y ah\u00ed se pregunta primero si entra y segundo si ya tiene oferta de reajuste suponiendo que este comprendido\".<\/p>\n<p>\"Esa oferta de reajuste se manifiesta \u00a0en dos cuadro, uno donde el primero habla del haber actual, es decir lo que el jubilado est\u00e1 cobrando y el cuadro de al lado es el nuevo haber que le ofrecen ya reajustado\".<\/p>\n<p><a href=\"http:\/\/notinor.com\/jujuy\/wp-content\/uploads\/2017\/10\/WhatsApp-Image-2017-10-18-at-19.19.27.jpeg\"><img decoding=\"async\" loading=\"lazy\" class=\"alignnone wp-image-140564 size-full\" src=\"http:\/\/notinor.com\/jujuy\/wp-content\/uploads\/2017\/10\/WhatsApp-Image-2017-10-18-at-19.19.27.jpeg\" alt=\"WhatsApp Image 2017-10-18 at 19.19.27\" width=\"1280\" height=\"608\" srcset=\"https:\/\/notinor.com\/jujuy\/wp-content\/uploads\/2017\/10\/WhatsApp-Image-2017-10-18-at-19.19.27.jpeg 1280w, https:\/\/notinor.com\/jujuy\/wp-content\/uploads\/2017\/10\/WhatsApp-Image-2017-10-18-at-19.19.27-300x143.jpeg 300w, https:\/\/notinor.com\/jujuy\/wp-content\/uploads\/2017\/10\/WhatsApp-Image-2017-10-18-at-19.19.27-800x380.jpeg 800w\" sizes=\"(max-width: 1280px) 100vw, 1280px\" \/><\/a><\/p>\n<p>Mirando estos dos cuadros viene la decisi\u00f3n del jubilado si acepta o rechaza, si rechaza quiere decir que su intenci\u00f3n no es quedarse como esta, sino iniciar juicio y\u00a0 si al contrario se da por satisfecho con esta nueva\u00a0 cifra, aprieta el bot\u00f3n de que dice acepta.<\/p>\n<p>&nbsp;<\/p>\n<p><strong>-\u00bfQu\u00e9 pasa cuando el jubilado acepta?<\/strong><\/p>\n<p>Dr. Figueroa- \"Una vez que acept\u00f3, tambi\u00e9n hay ciertas particularidades, si lo\u00a0 que les ofrecen es una suma, digamos peque\u00f1a y no tiene juicio, con esa aceptaci\u00f3n\u00a0 directa, ANSES, que ya est\u00e1 consagrado, ya le \u00a0queda de ah\u00ed en m\u00e1s esa cifra b\u00e1sica de jubilaci\u00f3n mensual que en\u00a0 lo sucesivo tendr\u00e1 los aumentos de marzo y septiembre, aumentos autom\u00e1ticos que no tienen nada que ver con este sistema, pero que esta cifra nueva ser\u00e1 la base para los nuevos aumentos\".<\/p>\n<p>&nbsp;<\/p>\n<p><strong>-\u00bfQu\u00e9 pasa con los que tienen juicio?<\/strong><\/p>\n<p>Dr. Figueroa- \"Los que tienen juicio pueden aceptar o rechazar, lo que pasa es que la oferta que le van a hacer, a los que tienen juicio, es inferior a la que resultar\u00eda si el juicio es completado totalmente, con lo que se llama sentencia firme. Esto es tener la primera sentencia de los juzgados federales uno o dos de aqu\u00ed de Jujuy\".<\/p>\n<p>\"ANSES apela hasta donde puede, entonces\u00a0 en ese caso el juicio se va a la c\u00e1mara federal de Salta, si\u00a0 la c\u00e1mara federal de Salta confirma este fallo de primera instancia, ah\u00ed el\u00a0 jubilado ya suspira y dice tengo sentencia firme\".<\/p>\n<p>&nbsp;<\/p>\n<p><strong>-\u00bfCu\u00e1nto puede durar el juicio?<\/strong><\/p>\n<p>Dr. Figueroa- \"Estamos hablando entre siete, ocho a\u00f1os o m\u00e1s. Con esa sentencia a esa persona le quedan dos caminos, una es\u00a0 rechazar todo esto de\u00a0 la reparaci\u00f3n \u00a0hist\u00f3rica y esperar que le paguen la sentencia, porque esa sentencia se la van a pagar toda y de contado, en cambio el que entra en la reparaci\u00f3n,\u00a0dice la\u00a0 ley que hay dos instancias, la primera es aquel feliz mortal que tiene las dos, a esa persona le van a pagar la mitad ahora y el resto con la retroactividad que corresponde, que son cifras grandes,\u00a0 por tantos a\u00f1os que han pasado, en cuotas trimestrales\".<\/p>\n<p>\"El que todav\u00eda no llego a la segunda sentencia que tiene por ejemplo la primera pero acepta la oferta que le hace ANSES, a \u00e9l le van a pagar la mitad\u00a0 tambi\u00e9n ahora pero la retroactividad la llevan hasta \u00a0cuatro a\u00f1os para atr\u00e1s, nada m\u00e1s, y el resto en cuotas trimestrales, esa es la gente con juicio\".<\/p>\n<p>&nbsp;<\/p>\n<p><strong>-\u00bfEn qu\u00e9 caso necesitan los servicios de un abogado?<\/strong><\/p>\n<p>Dr. Figueroa- \"Est\u00e1n entonces los que no tiene juicio y aceptan, si el monto\u00a0 es peque\u00f1o, ah\u00ed queda todo. En cambio si el monto es m\u00e1s grande, y est\u00e1n con juicio, esos si aceptan tambi\u00e9n tienen que firmar un convenio con ANSES, ah\u00ed si aparecemos los abogados, para patrocinar ese convenio por parte del jubilado, se hace el tr\u00e1mite de homologaci\u00f3n judicial que es electr\u00f3nica y a partir de ah\u00ed hay que sentarse a esperar que ANSES cumpla\".<\/p>\n<p>&nbsp;<\/p>\n","protected":false},"excerpt":{"rendered":"<p>El abogado previsional, explica lo importante de la reparaci\u00f3n hist\u00f3rica para que los jubilados o familiares de jubilados est\u00e9n al tanto de lo que hay que saber para hacer el tr\u00e1mite o iniciar el juicio correspondiente ante ANSES. -\u00bfQu\u00e9 es la reparaci\u00f3n hist\u00f3rica? Dr. Figueroa- \"La reparaci\u00f3n hist\u00f3rica nace en septiembre del 2016 destinada a [&hellip;]<\/p>\n","protected":false},"author":1,"featured_media":140567,"comment_status":"open","ping_status":"open","sticky":false,"template":"","format":"standard","meta":{"_stopmodifiedupdate":false,"_modified_date":"","inline_featured_image":false},"categories":[493],"tags":[],"jetpack_featured_media_url":"https:\/\/notinor.com\/jujuy\/wp-content\/uploads\/2017\/10\/figueroa-jubilado23.jpg","_links":{"self":[{"href":"https:\/\/notinor.com\/jujuy\/wp-json\/wp\/v2\/posts\/140561"}],"collection":[{"href":"https:\/\/notinor.com\/jujuy\/wp-json\/wp\/v2\/posts"}],"about":[{"href":"https:\/\/notinor.com\/jujuy\/wp-json\/wp\/v2\/types\/post"}],"author":[{"embeddable":true,"href":"https:\/\/notinor.com\/jujuy\/wp-json\/wp\/v2\/users\/1"}],"replies":[{"embeddable":true,"href":"https:\/\/notinor.com\/jujuy\/wp-json\/wp\/v2\/comments?post=140561"}],"version-history":[{"count":3,"href":"https:\/\/notinor.com\/jujuy\/wp-json\/wp\/v2\/posts\/140561\/revisions"}],"predecessor-version":[{"id":140659,"href":"https:\/\/notinor.com\/jujuy\/wp-json\/wp\/v2\/posts\/140561\/revisions\/140659"}],"wp:featuredmedia":[{"embeddable":true,"href":"https:\/\/notinor.com\/jujuy\/wp-json\/wp\/v2\/media\/140567"}],"wp:attachment":[{"href":"https:\/\/notinor.com\/jujuy\/wp-json\/wp\/v2\/media?parent=140561"}],"wp:term":[{"taxonomy":"category","embeddable":true,"href":"https:\/\/notinor.com\/jujuy\/wp-json\/wp\/v2\/categories?post=140561"},{"taxonomy":"post_tag","embeddable":true,"href":"https:\/\/notinor.com\/jujuy\/wp-json\/wp\/v2\/tags?post=140561"}],"curies":[{"name":"wp","href":"https:\/\/api.w.org\/{rel}","templated":true}]}}