{"id":14049,"date":"2015-01-27T02:34:18","date_gmt":"2015-01-27T05:34:18","guid":{"rendered":"http:\/\/notinor.com\/jujuy\/?p=14049"},"modified":"2015-01-27T02:34:18","modified_gmt":"2015-01-27T05:34:18","slug":"catupecu-machu-hizo-bailar-a-jujuy","status":"publish","type":"post","link":"https:\/\/notinor.com\/jujuy\/catupecu-machu-hizo-bailar-a-jujuy\/","title":{"rendered":"Catupecu Machu hizo bailar a Jujuy"},"content":{"rendered":"<p>Con una masiva participaci\u00f3n del p\u00fablico, Purmamarca fue el punto de encuentro de j\u00f3venes y familias que se acercaron de distintos puntos de la provincia para disfrutar del programa \"Verano de Emociones\u201d con juegos, deporte, cine, caminatas, talleres y la estelar actuaci\u00f3n en escena de la banda de rock Catupecu Machu.<\/p>\n<p><a href=\"http:\/\/notinor.com\/jujuy\/wp-content\/uploads\/2015\/01\/catu_15801.jpg\"><img decoding=\"async\" loading=\"lazy\" class=\"alignnone  wp-image-14051\" src=\"http:\/\/notinor.com\/jujuy\/wp-content\/uploads\/2015\/01\/catu_15801.jpg\" alt=\"catu_15801\" width=\"537\" height=\"422\" srcset=\"https:\/\/notinor.com\/jujuy\/wp-content\/uploads\/2015\/01\/catu_15801.jpg 764w, https:\/\/notinor.com\/jujuy\/wp-content\/uploads\/2015\/01\/catu_15801-300x235.jpg 300w\" sizes=\"(max-width: 537px) 100vw, 537px\" \/><\/a><\/p>\n<p>Con un escenario natural imponente a la vera de la ruta 52, los miles de juje\u00f1os y turistas disfrutaron de la propuesta organizada en conjunto por el Ministerio de Desarrollo Social de la Naci\u00f3n y el Gobierno de Jujuy.<\/p>\n<p>&nbsp;<\/p>\n<p>La jornada\u00a0 comenz\u00f3 a horas 17 con la participaci\u00f3n de artistas locales, como El D\u00fao Arjona, El Mulato y Tripulantes.<\/p>\n<p>&nbsp;<\/p>\n<p><strong>Para esta semana<\/strong><\/p>\n<p>&nbsp;<\/p>\n<p>Las actividades contin\u00faan de la siguiente manera: para hoy, taller literario, C.E.P.J.A y programa nacional Chocolate Cultura; mi\u00e9rcoles 28, taller de est\u00e9ncil; jueves 29 concurso de baile y presentaci\u00f3n de una banda musical provincial; y por \u00faltimo el viernes 30 la presencia del stand de la Secretar\u00eda de Educaci\u00f3n.<\/p>\n","protected":false},"excerpt":{"rendered":"<p>Con una masiva participaci\u00f3n del p\u00fablico, Purmamarca fue el punto de encuentro de j\u00f3venes y familias que se acercaron de distintos puntos de la provincia para disfrutar del programa \"Verano de Emociones\u201d con juegos, deporte, cine, caminatas, talleres y la estelar actuaci\u00f3n en escena de la banda de rock Catupecu Machu. Con un escenario natural [&hellip;]<\/p>\n","protected":false},"author":1,"featured_media":14050,"comment_status":"open","ping_status":"open","sticky":false,"template":"","format":"standard","meta":{"_stopmodifiedupdate":false,"_modified_date":"","inline_featured_image":false,"spay_email":"","jetpack_publicize_message":""},"categories":[21],"tags":[],"jetpack_featured_media_url":"https:\/\/notinor.com\/jujuy\/wp-content\/uploads\/2015\/01\/catu_15804.jpg","jetpack_publicize_connections":[],"_links":{"self":[{"href":"https:\/\/notinor.com\/jujuy\/wp-json\/wp\/v2\/posts\/14049"}],"collection":[{"href":"https:\/\/notinor.com\/jujuy\/wp-json\/wp\/v2\/posts"}],"about":[{"href":"https:\/\/notinor.com\/jujuy\/wp-json\/wp\/v2\/types\/post"}],"author":[{"embeddable":true,"href":"https:\/\/notinor.com\/jujuy\/wp-json\/wp\/v2\/users\/1"}],"replies":[{"embeddable":true,"href":"https:\/\/notinor.com\/jujuy\/wp-json\/wp\/v2\/comments?post=14049"}],"version-history":[{"count":1,"href":"https:\/\/notinor.com\/jujuy\/wp-json\/wp\/v2\/posts\/14049\/revisions"}],"predecessor-version":[{"id":14052,"href":"https:\/\/notinor.com\/jujuy\/wp-json\/wp\/v2\/posts\/14049\/revisions\/14052"}],"wp:featuredmedia":[{"embeddable":true,"href":"https:\/\/notinor.com\/jujuy\/wp-json\/wp\/v2\/media\/14050"}],"wp:attachment":[{"href":"https:\/\/notinor.com\/jujuy\/wp-json\/wp\/v2\/media?parent=14049"}],"wp:term":[{"taxonomy":"category","embeddable":true,"href":"https:\/\/notinor.com\/jujuy\/wp-json\/wp\/v2\/categories?post=14049"},{"taxonomy":"post_tag","embeddable":true,"href":"https:\/\/notinor.com\/jujuy\/wp-json\/wp\/v2\/tags?post=14049"}],"curies":[{"name":"wp","href":"https:\/\/api.w.org\/{rel}","templated":true}]}}