{"id":14043,"date":"2015-01-27T02:08:52","date_gmt":"2015-01-27T05:08:52","guid":{"rendered":"http:\/\/notinor.com\/jujuy\/?p=14043"},"modified":"2015-01-27T02:08:52","modified_gmt":"2015-01-27T05:08:52","slug":"1-edicion-de-la-muestra-bienal","status":"publish","type":"post","link":"https:\/\/notinor.com\/jujuy\/1-edicion-de-la-muestra-bienal\/","title":{"rendered":"1\u00b0 Edici\u00f3n de la Muestra Bienal"},"content":{"rendered":"<p>A partir de este anunci\u00f3, los artistas locales y de\u00a0 Jujuy acercar\u00e1n sus propuestas culturales, con el objetivo de que esta muestra sea un punto de encuentro y de reconocimientos del trabajo y\u00a0\u00a0 la creatividad de la historia maimare\u00f1a.<\/p>\n<p>&nbsp;<\/p>\n<p>El mismo iniciar\u00e1 con un acto, el mi\u00e9rcoles 28 y finalizar\u00e1 el 30 de enero, y quienes asistan\u00a0 podr\u00e1n participar de exposiciones; muestras; proyecci\u00f3n de cine; talleres; charlas; m\u00fasica; danza y entrevistas. Todo se realizar\u00e1 en el Sal\u00f3n del Tinglado Municipal de Maimar\u00e1, con entrada libre y gratuita.<\/p>\n<p>&nbsp;<\/p>\n<p>Al respecto,\u00a0 el encargado de Turismo y Cultura de Maimar\u00e1, Manuel Ortega se\u00f1al\u00f3 que \u201cesta muestra ser\u00e1 un conjunto de actividades culturales destinadas a toda la familia,\u00a0 es por eso que tenemos distintos talleres de Arte Joven, de Patrimonio a trav\u00e9s de\u00a0 la Unidad de Gesti\u00f3n de la Quebrada de Humahuaca,\u00a0 taller de salud del Ministerio de Salud, muestra de fotogr\u00e1ficas de Salvador Mazza y de los quehacer cultural de Maimar\u00e1,\u00a0 paisaje y cultura\u201d.<\/p>\n<p>&nbsp;<\/p>\n<p>Asimismo agreg\u00f3 \u201cinvitamos a toda la comunidad a participar de esta actividad que es para toda la familia\u201d.<\/p>\n<p>&nbsp;<\/p>\n<p>El acto apertura se desarrollar\u00e1 el propio mi\u00e9rcoles 28\u00a0 a partir de las 10 hs. y estar\u00e1 presente Nora Benaglia una de las ganadoras del programa \u201cJujuy suena\u201d brindando un concierto para todo los presentes, en tanto que para el cierre de la muestra el viernes 30 a las 17 horas actuar\u00e1 el grupo local Tarpuy.<\/p>\n<p>&nbsp;<\/p>\n<p>Durante las tres jornadas se exhibir\u00e1n las muestras de foto de Salvador Mazza y el jueves y \u00a0viernes de 9 a 12 y de 14 a 17:30 horas, se concretar\u00e1 en el sal\u00f3n municipal de Maimar\u00e1\u00a0 los talleres de\u00a0 Arte Joven como Mural, danza urbanas, danza afro, breat dance y hip hop,\u00a0 saya, capoeira\u00a0 y murga.<\/p>\n<p>&nbsp;<\/p>\n<p>Los interesados podr\u00e1n\u00a0 inscribirse hasta ma\u00f1ana en las instalaciones de Turismo y Cultura de Maimar\u00e1 de 9 a 12 y de 15 a 19 hs. o\u00a0 a trav\u00e9s de Facebook de Manuel Ortega o de La Revista Cultural Maimar\u00e1.<\/p>\n","protected":false},"excerpt":{"rendered":"<p>A partir de este anunci\u00f3, los artistas locales y de\u00a0 Jujuy acercar\u00e1n sus propuestas culturales, con el objetivo de que esta muestra sea un punto de encuentro y de reconocimientos del trabajo y\u00a0\u00a0 la creatividad de la historia maimare\u00f1a. &nbsp; El mismo iniciar\u00e1 con un acto, el mi\u00e9rcoles 28 y finalizar\u00e1 el 30 de enero, [&hellip;]<\/p>\n","protected":false},"author":1,"featured_media":14044,"comment_status":"open","ping_status":"open","sticky":false,"template":"","format":"standard","meta":{"_stopmodifiedupdate":false,"_modified_date":"","inline_featured_image":false,"spay_email":"","jetpack_publicize_message":""},"categories":[21],"tags":[],"jetpack_featured_media_url":"https:\/\/notinor.com\/jujuy\/wp-content\/uploads\/2015\/01\/tarpuy_15809.jpg","jetpack_publicize_connections":[],"_links":{"self":[{"href":"https:\/\/notinor.com\/jujuy\/wp-json\/wp\/v2\/posts\/14043"}],"collection":[{"href":"https:\/\/notinor.com\/jujuy\/wp-json\/wp\/v2\/posts"}],"about":[{"href":"https:\/\/notinor.com\/jujuy\/wp-json\/wp\/v2\/types\/post"}],"author":[{"embeddable":true,"href":"https:\/\/notinor.com\/jujuy\/wp-json\/wp\/v2\/users\/1"}],"replies":[{"embeddable":true,"href":"https:\/\/notinor.com\/jujuy\/wp-json\/wp\/v2\/comments?post=14043"}],"version-history":[{"count":1,"href":"https:\/\/notinor.com\/jujuy\/wp-json\/wp\/v2\/posts\/14043\/revisions"}],"predecessor-version":[{"id":14045,"href":"https:\/\/notinor.com\/jujuy\/wp-json\/wp\/v2\/posts\/14043\/revisions\/14045"}],"wp:featuredmedia":[{"embeddable":true,"href":"https:\/\/notinor.com\/jujuy\/wp-json\/wp\/v2\/media\/14044"}],"wp:attachment":[{"href":"https:\/\/notinor.com\/jujuy\/wp-json\/wp\/v2\/media?parent=14043"}],"wp:term":[{"taxonomy":"category","embeddable":true,"href":"https:\/\/notinor.com\/jujuy\/wp-json\/wp\/v2\/categories?post=14043"},{"taxonomy":"post_tag","embeddable":true,"href":"https:\/\/notinor.com\/jujuy\/wp-json\/wp\/v2\/tags?post=14043"}],"curies":[{"name":"wp","href":"https:\/\/api.w.org\/{rel}","templated":true}]}}