{"id":14025,"date":"2015-01-27T00:01:55","date_gmt":"2015-01-27T03:01:55","guid":{"rendered":"http:\/\/notinor.com\/jujuy\/?p=14025"},"modified":"2015-01-27T08:10:42","modified_gmt":"2015-01-27T11:10:42","slug":"alejandro-snopek-sobre-el-caso-nisman-y-la-responsabilidad-del-gobierno","status":"publish","type":"post","link":"https:\/\/notinor.com\/jujuy\/alejandro-snopek-sobre-el-caso-nisman-y-la-responsabilidad-del-gobierno\/","title":{"rendered":"Alejandro Snopek sobre el caso Nisman y la responsabilidad del Gobierno"},"content":{"rendered":"<p style=\"text-align: left;\">El diputado provincial Alejandro Snopek, en di\u00e1logo exclusivo con NOTINOR.COM, se refiri\u00f3 a la postura adoptada por su fuerza pol\u00edtica, seg\u00fan lo anunci\u00f3 hace pocos d\u00edas el principal referente Sergio Massa, en torno a la misteriosa muerte del fiscal Alberto Nisman que conmociona a todo el pa\u00eds.<\/p>\n<h1 style=\"text-align: center;\"><strong>PRUDENCIA<\/strong><\/h1>\n<p>\u201cNuestro m\u00e1ximo representante a nivel nacional, Sergio Massa, ha manifestado que <strong>es un momento en que se requiere m\u00e1xima prudencia<\/strong>, y esta es la posici\u00f3n que toma el Frente Renovador en cuanto a lo que ha sucedido\u201d, se\u00f1al\u00f3 Snopek.<\/p>\n<p><strong>\u201cEs momento de dejar actuar a la Justicia.\u00a0 Tambi\u00e9n ha dicho Sergio que el Frente Renovador se va a presentar como querellante<\/strong> para garantizar en definitiva que esa sensaci\u00f3n de inseguridad reinante que hoy nos llega m\u00e1s que nunca\u201d, explic\u00f3 el legislador.<\/p>\n<p>Consultado sobre una visi\u00f3n personal del caso que conmociona al pa\u00eds, el diputado Snopek dijo <strong>\u201cestamos hablando de la muerte de un fiscal de la naci\u00f3n, y no podemos andar aventurando opiniones sobre un suicidio que no es suicidio, o un asesinato, o una instigaci\u00f3n.\u00a0 Cualquier manifestaci\u00f3n en ese sentido hace que se acreciente la sensaci\u00f3n de inseguridad e incertidumbre\u201d<\/strong>, consider\u00f3 y explic\u00f3 \u201cpor eso Massa ha dicho que es momento de prudencia y de dejar que funcione la Justicia.\u00a0 Tambi\u00e9n por eso dijo que el Frente Renovador se va a presentar como querellante\u201d.<\/p>\n<p>En este sentido asegur\u00f3 que \u201clo que en este momento hace falta a todos los argentinos es Justicia, Justicia real, y sobre todo Verdad.\u00a0 Que se llegue en alg\u00fan momento a saber qu\u00e9 es lo que ha sucedido\u201d<\/p>\n<h1 style=\"text-align: center;\"><strong>IMPRUDENCIA Y DESPROLIJIDAD EN EL PJ<\/strong><\/h1>\n<p>Consultado sobre el contenido del documento que emiti\u00f3 el Partido Justicialista Nacional apenas se conoci\u00f3 el giro en la versi\u00f3n de la presidente, Snopek dijo \u201c<strong>Yo lo veo como una locura, me pareci\u00f3 una forma de embarrar la cancha.<\/strong>\u00a0 Por eso comparto plenamente la posici\u00f3n que ha tomado en esto el Frente Renovador.\u00a0 Hace falta mucha prudencia\u201d, se\u00f1al\u00f3 y a\u00f1adi\u00f3 <strong>\u201chablar de teor\u00edas conspirativas, o de lo que fuese, cuando hay un hecho como este, y no pedir que act\u00fae la Justicia, que se esclarezcan las cosas en toda su magnitud, aventurar conjeturas como hacen en ese documento es por lo menos imprudente y desprolijo, por no decir irresponsable\u201d<\/strong>.<\/p>\n<p>Sin entrar en conjeturas sobre lo que le sucedi\u00f3 al fiscal Nisman, el diputado del Frente Renovador evalu\u00f3 \u201canalizando el caso objetivamente, siendo prudente, hay hechos alrededor de este caso que no son discutidos por nadie: tenemos a un fiscal de la naci\u00f3n que abri\u00f3 una causa de encubrimiento, un fiscal que adem\u00e1s llevaba una causa tan importante como la del atentado a la AMIa, una causa que trasciende nuestras fronteras en la que est\u00e1 involucrado otro estado, un fiscal que a lo largo de 12 a\u00f1os ha ido reuniendo pruebas, y ahora hace pocos d\u00edas presenta esta denuncia involucrando a la m\u00e1xima autoridad argentina en maniobras para encubrir \u00e9se atentado que el est\u00e1 investigando.\u00a0 Luego de hacerlo, y en v\u00edsperas de presentarse al congreso para explicar la denuncia, un d\u00eda antes aparece muerto\u201d.<\/p>\n<p><strong>\u201cEs un hecho de una gravedad institucional muy fuerte\u201d<\/strong>, consider\u00f3.<\/p>\n<h1 style=\"text-align: center;\"><strong>RESPONSABLES IRRESPONSABLES<\/strong><\/h1>\n<p>Continuando con el an\u00e1lisis del caso, Alejandro Snopek se\u00f1al\u00f3 la necesidad de que el pueblo argentina entienda la magnitud de la gravedad del caso, siendo que el Poder Ejecutivo nacional es el m\u00e1ximo responsable de la seguridad de los ciudadanos en general, y en especial de los funcionarios.\u00a0 <strong>\u201cEl principal responsable de las cuestiones de seguridad es el Poder Ejecutivo, y no puede salir a hablar de maniobras y complots\u201d<\/strong>, \u00a0\u00a0dijo y agreg\u00f3 <strong>\u201clo primero que debieron decir, antes de aventurar conjeturas o adherir a alguna hip\u00f3tesis, es responsabilizarse por lo que les cabe dentro de sus responsabilidades, ponerse al frente de las cosas y pedir prudencia, cautela, y garantizar que la Justicia act\u00fae en pleno<\/strong>, que investigue, analice y estudie todo lo que tenga que estudiar para esclarecer el hecho; el gobierno debi\u00f3 ponerse al frente de esta garant\u00eda, d\u00e1ndole a la justicia todas las herramientas y la seguridad, en la que le fall\u00f3 a Nisman\u201d.<\/p>\n<p><strong>\u201cA nadie debe caberle duda que la m\u00e1xima responsabilidad en materia de seguridad, le corresponde al Ejecutivo nacional\u201d.<\/strong><\/p>\n<h1 style=\"text-align: center;\"><strong>LA TEMERIDAD DE MACRI<\/strong><\/h1>\n<p>El presidente del bloque de diputados del Frente Primero Jujuy deplor\u00f3 tambi\u00e9n que algunos referentes de la oposici\u00f3n hayan aventurado hip\u00f3tesis sobre la muerte del fiscal.\u00a0 <strong>\u201cEl asumir posiciones, como la que asumieron los gobernadores y legisladores nacionales del oficialismo, es irresponsable\u201d<\/strong>, dijo y a\u00f1adi\u00f3 <strong>\u201clo fue tambi\u00e9n el salir a hacer declaraciones, como lo hizo Macri, a quien Nisman lo hab\u00eda acusado, no hace mucho, por el tema de las escuchas ilegales.\u00a0 Macri estaba procesado por el propio fiscal Nisman.\u00a0 Macri tambi\u00e9n debi\u00f3 tener prudencia y pedir justicia y verdad y ponerse al servicvio de garantizar que la Justicia pueda actuar con independencia, y no ponerse a hacer delcaraciones temerarias\u201d<\/strong>, consider\u00f3 Snopek.<\/p>\n<h1 style=\"text-align: center;\"><strong>LOS COMUNICADOS ESCRITOS DE LA PRESIDENTE Y LA CADENA NACIONAL<\/strong><\/h1>\n<p>Finalmente el diputado se refiri\u00f3 a los comunicados que emiti\u00f3 la presidente, cambiando radicalmente de opini\u00f3n en las hip\u00f3tesis que aventur\u00f3 al publicar dos comunicados por las redes sociales<strong>.\u00a0 \u201cEsta fue una de las pocas oportunidades en que la presidente de la naci\u00f3n debi\u00f3 hacer uso de la cadena nacional, haci\u00e9ndose responsable de la responsabilidad que le cabe como jefa de Estado y m\u00e1xima responsable por la seguridad; llamar a la calma, llevar tranquilidad al pueblo argentino, y poner el Estado a disposici\u00f3n<\/strong> de garantizar a la Justicia funcionar con independencia en el esclarecimiento de este caso que nos conmociona a todos\u201d<\/p>\n<p><strong>\u201cNo debi\u00f3 meterle m\u00e1s incertidumbre al tema, por medios inadecuados como las redes sociales\u201d,<\/strong> finaliz\u00f3.<\/p>\n","protected":false},"excerpt":{"rendered":"<p>El diputado provincial Alejandro Snopek, en di\u00e1logo exclusivo con NOTINOR.COM, se refiri\u00f3 a la postura adoptada por su fuerza pol\u00edtica, seg\u00fan lo anunci\u00f3 hace pocos d\u00edas el principal referente Sergio Massa, en torno a la misteriosa muerte del fiscal Alberto Nisman que conmociona a todo el pa\u00eds. PRUDENCIA \u201cNuestro m\u00e1ximo representante a nivel nacional, Sergio [&hellip;]<\/p>\n","protected":false},"author":1,"featured_media":14028,"comment_status":"open","ping_status":"open","sticky":false,"template":"","format":"standard","meta":{"_stopmodifiedupdate":false,"_modified_date":"","inline_featured_image":false},"categories":[485],"tags":[],"jetpack_featured_media_url":"https:\/\/notinor.com\/jujuy\/wp-content\/uploads\/2015\/01\/alejandro-snopek.jpg","_links":{"self":[{"href":"https:\/\/notinor.com\/jujuy\/wp-json\/wp\/v2\/posts\/14025"}],"collection":[{"href":"https:\/\/notinor.com\/jujuy\/wp-json\/wp\/v2\/posts"}],"about":[{"href":"https:\/\/notinor.com\/jujuy\/wp-json\/wp\/v2\/types\/post"}],"author":[{"embeddable":true,"href":"https:\/\/notinor.com\/jujuy\/wp-json\/wp\/v2\/users\/1"}],"replies":[{"embeddable":true,"href":"https:\/\/notinor.com\/jujuy\/wp-json\/wp\/v2\/comments?post=14025"}],"version-history":[{"count":3,"href":"https:\/\/notinor.com\/jujuy\/wp-json\/wp\/v2\/posts\/14025\/revisions"}],"predecessor-version":[{"id":14058,"href":"https:\/\/notinor.com\/jujuy\/wp-json\/wp\/v2\/posts\/14025\/revisions\/14058"}],"wp:featuredmedia":[{"embeddable":true,"href":"https:\/\/notinor.com\/jujuy\/wp-json\/wp\/v2\/media\/14028"}],"wp:attachment":[{"href":"https:\/\/notinor.com\/jujuy\/wp-json\/wp\/v2\/media?parent=14025"}],"wp:term":[{"taxonomy":"category","embeddable":true,"href":"https:\/\/notinor.com\/jujuy\/wp-json\/wp\/v2\/categories?post=14025"},{"taxonomy":"post_tag","embeddable":true,"href":"https:\/\/notinor.com\/jujuy\/wp-json\/wp\/v2\/tags?post=14025"}],"curies":[{"name":"wp","href":"https:\/\/api.w.org\/{rel}","templated":true}]}}