{"id":140225,"date":"2017-10-16T12:35:49","date_gmt":"2017-10-16T15:35:49","guid":{"rendered":"http:\/\/notinor.com\/jujuy\/?p=140225"},"modified":"2017-10-16T12:35:49","modified_gmt":"2017-10-16T15:35:49","slug":"el-carmen-detuvieron-al-agresor-del-joven-apunalado-meses-atras","status":"publish","type":"post","link":"https:\/\/notinor.com\/jujuy\/el-carmen-detuvieron-al-agresor-del-joven-apunalado-meses-atras\/","title":{"rendered":"El Carmen: Detuvieron al agresor del joven apu\u00f1alado meses atr\u00e1s"},"content":{"rendered":"<p>Efectivos de la Brigada de Investigaciones de la ciudad de El Carmen lograron detener a la persona que agredi\u00f3 el pasado 14 de agosto a un joven de 24 a\u00f1os, quien fue internado gravemente en el hospital Pablo Soria.<\/p>\n<p><a href=\"http:\/\/notinor.com\/jujuy\/wp-content\/uploads\/2017\/10\/plaza-el-carmen.jpg\"><img decoding=\"async\" loading=\"lazy\" class=\"size-large wp-image-140253 aligncenter\" src=\"http:\/\/notinor.com\/jujuy\/wp-content\/uploads\/2017\/10\/plaza-el-carmen-800x600.jpg\" alt=\"plaza el carmen\" width=\"800\" height=\"600\" srcset=\"https:\/\/notinor.com\/jujuy\/wp-content\/uploads\/2017\/10\/plaza-el-carmen.jpg 800w, https:\/\/notinor.com\/jujuy\/wp-content\/uploads\/2017\/10\/plaza-el-carmen-300x225.jpg 300w\" sizes=\"(max-width: 800px) 100vw, 800px\" \/><\/a><\/p>\n<p>Sobre los hechos<\/p>\n<p>El siniestro ocurri\u00f3 en inmediaciones de un sector del barrio Nuestra Se\u00f1ora del Carmen, cuando la v\u00edctima se dirig\u00eda a su domicilio y fue sorprendido por el inculpado, quien le propin\u00f3 golpes en la cabeza con un freno de caballo y un puntazo en el t\u00f3rax con un cuchillo, por lo que finalmente fue derivado al hospital Pablo Soria donde qued\u00f3 internado en gravedad estado.<\/p>\n<div class=\"row\">\n<div class=\"col-md-8\">\n<div class=\"user-content\">\n<p>El inculpado, de 26 a\u00f1os de edad\u00a0y con residencia en esa ciudad, fue trasladado a la dependencia policial y quedo a disposici\u00f3n de la Fiscal\u00eda interviniente siendo la imputaci\u00f3n\u00a0\"homicidio en grado de tentativa\".<\/p>\n<\/div>\n<\/div>\n<\/div>\n","protected":false},"excerpt":{"rendered":"<p>Efectivos de la Brigada de Investigaciones de la ciudad de El Carmen lograron detener a la persona que agredi\u00f3 el pasado 14 de agosto a un joven de 24 a\u00f1os, quien fue internado gravemente en el hospital Pablo Soria. Sobre los hechos El siniestro ocurri\u00f3 en inmediaciones de un sector del barrio Nuestra Se\u00f1ora del [&hellip;]<\/p>\n","protected":false},"author":1,"featured_media":140252,"comment_status":"open","ping_status":"open","sticky":false,"template":"","format":"standard","meta":{"_stopmodifiedupdate":false,"_modified_date":"","inline_featured_image":false,"spay_email":"","jetpack_publicize_message":""},"categories":[4],"tags":[],"jetpack_featured_media_url":"https:\/\/notinor.com\/jujuy\/wp-content\/uploads\/2017\/10\/cuchillo.jpg","jetpack_publicize_connections":[],"_links":{"self":[{"href":"https:\/\/notinor.com\/jujuy\/wp-json\/wp\/v2\/posts\/140225"}],"collection":[{"href":"https:\/\/notinor.com\/jujuy\/wp-json\/wp\/v2\/posts"}],"about":[{"href":"https:\/\/notinor.com\/jujuy\/wp-json\/wp\/v2\/types\/post"}],"author":[{"embeddable":true,"href":"https:\/\/notinor.com\/jujuy\/wp-json\/wp\/v2\/users\/1"}],"replies":[{"embeddable":true,"href":"https:\/\/notinor.com\/jujuy\/wp-json\/wp\/v2\/comments?post=140225"}],"version-history":[{"count":1,"href":"https:\/\/notinor.com\/jujuy\/wp-json\/wp\/v2\/posts\/140225\/revisions"}],"predecessor-version":[{"id":140255,"href":"https:\/\/notinor.com\/jujuy\/wp-json\/wp\/v2\/posts\/140225\/revisions\/140255"}],"wp:featuredmedia":[{"embeddable":true,"href":"https:\/\/notinor.com\/jujuy\/wp-json\/wp\/v2\/media\/140252"}],"wp:attachment":[{"href":"https:\/\/notinor.com\/jujuy\/wp-json\/wp\/v2\/media?parent=140225"}],"wp:term":[{"taxonomy":"category","embeddable":true,"href":"https:\/\/notinor.com\/jujuy\/wp-json\/wp\/v2\/categories?post=140225"},{"taxonomy":"post_tag","embeddable":true,"href":"https:\/\/notinor.com\/jujuy\/wp-json\/wp\/v2\/tags?post=140225"}],"curies":[{"name":"wp","href":"https:\/\/api.w.org\/{rel}","templated":true}]}}