{"id":14021,"date":"2015-01-27T00:10:49","date_gmt":"2015-01-27T03:10:49","guid":{"rendered":"http:\/\/notinor.com\/jujuy\/?p=14021"},"modified":"2015-01-27T09:37:57","modified_gmt":"2015-01-27T12:37:57","slug":"lo-principal-del-discurso-de-cristina","status":"publish","type":"post","link":"https:\/\/notinor.com\/jujuy\/lo-principal-del-discurso-de-cristina\/","title":{"rendered":"Lo principal del discurso de Cristina"},"content":{"rendered":"<h1 style=\"text-align: center;\">C\u00d3MO SE ENTERA CRISTINA DE LA MUERTE DE NISMAN<\/h1>\n<p>La presidenta Cristina Kirchner asegur\u00f3 que se enter\u00f3 de la muerte del fiscal Alberto Nisman, quien estaba a cargo de la investigaci\u00f3n de la causa AMIA y que imput\u00f3 a la mandataria y al canciller H\u00e9ctor Timerman por encubrimiento, en la madrugada del lunes.<\/p>\n<p>\"Yo me enter\u00e9 de que algo estaba sucediendo el lunes a las 00.30 cuando se comunica conmigo la ministra de seguridad Mar\u00eda Cecilia Rodr\u00edguez y me dijo que ocurri\u00f3 'un incidente en el departamento del fiscal Nisman'. Yo pens\u00e9 que era un chiste de mal gusto\", sostuvo la Jefa de Estado en cadena nacional.<\/p>\n<p>\"Me pregunt\u00e9 c\u00f3mo nadie entraba. Reci\u00e9n me confirman a las 2.30 que era el cuerpo del doctor Nisman. A esa hora se enter\u00f3 la presidenta de la Rep\u00fablica de este desgraciado suceso\", agreg\u00f3.<\/p>\n<p>Nisman apareci\u00f3 muerto en su departamento con un tiro en la cabeza horas antes de revelar en el Congreso evidencias que dijo tener para denunciar a la Presidenta por encubrir la responsabilidad de Ir\u00e1n en el atentado contra la AMIA.<\/p>\n<p>La muerte, que la Justicia no descarta que haya sido un suicidio inducido, provoc\u00f3 una honda conmoci\u00f3n en el pa\u00eds y la reacci\u00f3n del Gobierno, que desclasific\u00f3 informaci\u00f3n secreta sobre comunicaciones mantenidas por agentes de inteligencia acusados por el fiscal de pasar informaci\u00f3n a Ir\u00e1n.<\/p>\n<h1 style=\"text-align: center;\"><strong>AFI: LA NUEVA SIDE DE CRISTINA<\/strong><\/h1>\n<p>Por cadena nacional, la presidenta Cristina Kirchner anunci\u00f3 que enviar\u00e1 al Congreso un proyecto de ley para reformar los servicios de inteligencia, en el marco del caso de la muerte del fiscal Alberto Nisman .<\/p>\n<p>Estos son los puntos salientes de la iniciativa:<\/p>\n<p>Disoluci\u00f3n de la actual Secretaria de Inteligencia.\"Esta es una deuda de la democracia. Tal vez me toca a m\u00ed hacer la reforma. Hemos visto una suerte de calesita permanente de fiscales, jueces, medios de comunicaci\u00f3n, que evidentemente ha quedado a descubierta y que hay que cortar de cuajo\", justific\u00f3 la Presidenta.<br \/>\nSe crea la Agencia Federal de Inteligencia, que estar\u00e1 cargo de un director y subdirector. Ser\u00e1n designados por el Poder Ejecutivo, pero requerir\u00e1n de la aprobaci\u00f3n del Congreso.<br \/>\nLa iniciativa establece la Agencia Federal de Inteligencia reunir\u00e1 y analizar\u00e1 hechos, riesgos y conflictos que afecten la seguridad de la Naci\u00f3n y sus habitantes. Tipificar\u00e1 para la prevenci\u00f3n de amenazas internacionales del terrorismo, la trata de personas, el narcotr\u00e1fico, el tr\u00e1fico de armas y el ciberdelitos.<br \/>\nLas actividades de inteligencia interna quedaran fijas a delitos federales graves. Se establece que al agencia ser\u00e1 el \u00f3rgano superior de estas tareas.<br \/>\nSe transferir\u00e1 la totalidad del sistema judicial de escuchas al Ministerio P\u00fablico Fiscal, en raz\u00f3n de ser \"el \u00fanico ministerio extrapoder\".<br \/>\nSe establecen penalidades para quienes no cumplan con la disposiciones vigentes con penas de 3 a 10 a\u00f1os de prisi\u00f3n, delito no excarcelable. Se penados los funcionarios que tomen contactos por afuera de los canales institucionales.<\/p>\n<h1 style=\"text-align: center;\"><strong>GILS CARB\u00d3 FORTALECIDA<\/strong><\/h1>\n<p>anuncio de la presidenta Cristina Kirchner por cadena nacional en el que impuls\u00f3 la disoluci\u00f3n de la ex SIDE y la creaci\u00f3n de una Agencia Federal de Inteligencia (AFI), deriv\u00f3 tambi\u00e9n en el fortalecimiento de la procuradora, Alejandra Gils Carb\u00f3 .<\/p>\n<p>La decisi\u00f3n de la mandataria de \"transferir la totalidad del sistema judicial de escuchas al Ministerio P\u00fablico Fiscal\", considerando que es el \"\u00fanico ministerio extrapoder\", le dar\u00eda a la Procuradora la capacidad de controlar las escuchas telef\u00f3nicas ordenadas por orden judicial.<\/p>\n<p>As\u00ed, la titular del Ministerio P\u00fablico Fiscal, af\u00edn al kirchnerismo, ganar\u00eda influencia en medio de la pol\u00e9mica por la designaci\u00f3n de 16 fiscales subrogantes nombrados por la funcionaria que fue cuestionada por la oposici\u00f3n y la Asociaci\u00f3n de Magistrados, que intervinieron por considerar que los fiscales designados comparten sus principios pol\u00edticos e ideol\u00f3gicos, buscando as\u00ed interferir en las causas de corrupci\u00f3n para asegurar la impunidad de funcionarios del Gobierno.<\/p>\n<p>En tanto, la procuradora general se reuni\u00f3 con los integrantes de la Unidad Fiscal conformada para investigar el atentado contra la AMIA. Durante el encuentro manifest\u00f3: \"La muerte del fiscal Alberto Nisman no s\u00f3lo nos conmueve en un plano personal y afectivo sino tambi\u00e9n institucional\". Adem\u00e1s, garantiz\u00f3 la continuidad del trabajo del equipo de la UFI-AMIA y les transmiti\u00f3 el apoyo y la contenci\u00f3n por parte de todo el organismo.<\/p>\n<p>\"Que su muerte aparezca tan cercana a su actividad como fiscal, la transforma en un hecho hist\u00f3rico, con gran impacto pol\u00edtico y social, que debe incorporarse a nuestra memoria para repensar desde all\u00ed la justicia de hoy\", se\u00f1al\u00f3 la titular del Ministerio P\u00fablico Fiscal.<\/p>\n<h1 style=\"text-align: center;\"><strong>APUNT\u00d3 CONTRA LAGOMARSINO Y LO RELACION\u00d3 AL GRUPO CLAR\u00cdN<\/strong><\/h1>\n<p>eN su extenso discurso por cadena nacional, la presidenta Cristina Kirchner sugiri\u00f3 hoy una conexi\u00f3n entre el Grupo Clar\u00edn y Diego Lagomarsino, quien hoy fue imputado por prestarle al fiscal Alberto Nisman el arma que produjo su muerte.<\/p>\n<p>\"Lagomarsino no s\u00f3lo es un f\u00e9rreo opositor al Gobierno sino que adem\u00e1s es hermano del gerente de inform\u00e1tica del diario Clar\u00edn, que trabaja para el estudio S\u00e1enz Valiente\", dijo la Primera Mandataria.<\/p>\n<p>Puntualmente, Cristina Kirchner se refiri\u00f3 a Geraro H. Lagomarsino, quien desde el a\u00f1o 2000 trabaja en el estudio Saenz Valiente &amp; Asociados, que atiende los intereses del Grupo Clar\u00edn. El hermano del imputado es t\u00e9cnico en electr\u00f3nica.<\/p>\n<p>Asimismo, la Presidenta hizo menci\u00f3n -sin nombrarlas expl\u00edcitamente- \"a agravios e insultos hasta de tinte machista\" que Diego Lagomarsino realiz\u00f3 a trav\u00e9s de su cuenta en la red social Twitter.<\/p>\n<h1 style=\"text-align: center;\"><strong>\"NO LES TENGO MIEDO, NO ME VAN A EXTORSIONAR\", LAS FRASES DE CRISTINA<\/strong><\/h1>\n<p>La presidenta Cristina Kirchner lanz\u00f3 hoy por cadena nacional un mensaje desafiante al se\u00f1alar: \"A m\u00ed no me van a extorsionar, a m\u00ed no me van a intimidar, no les tengo miedo\" y se mostr\u00f3 dispuesta a que los jueces la citen para brindar las explicaciones que sean necesarias sobre el pacto con Ir\u00e1n y otras denuncias.<\/p>\n<p>Estas fueron sus principales frases:<\/p>\n<p>\"En Argentina hab\u00eda impunidad para el terrorismo de Estado y los dos atentados\"<\/p>\n<p>\"El compromiso de nuestros gobiernos fue combatir la impunidad\"<br \/>\n\"Solamente una ignorancia supina puede creer que N\u00e9stor Kirchner design\u00f3 al fiscal Alberto Nisman\"<\/p>\n<p>\"Hicimos un reclamo permanente en Naciones Unidas luego de que el fiscal acusara a funcionarios iran\u00edes\"<\/p>\n<p>\"Seis a\u00f1os le reclamamos a Ir\u00e1n cooperaci\u00f3n judicial para que el juez pudiera tomarles declaraci\u00f3n a los acusados\"<\/p>\n<p>\"Luego de muchos reclamos, logramos que Ir\u00e1n aceptara sentarse a discutir. All\u00ed fue que se desataron todos los demonios\"<br \/>\n\"(Nisman) impuls\u00f3 la inconstitucionalidad del acuerdo con Ir\u00e1n\"<\/p>\n<p>\"El juez que lleva la causa, Canicoba Corral declar\u00f3 que era constitucional y el fiscal Nisman apel\u00f3. El acuerdo est\u00e1 paralizado por el fallo de la C\u00e1mara\"<\/p>\n<p>\"Integrantes de la SIDE comenzaron a bombardear este acuerdo\"<\/p>\n<p>\"Se hicieron denuncias de lo m\u00e1s ins\u00f3litas contra esta presidenta, con un ritmo de v\u00e9rtigo y la complicidad de fiscales, jueces y periodistas, como nunca se vio en la historia de la democracia, desde el a\u00f1o 2013\"<\/p>\n<p>\"Esto se comenz\u00f3 a hacer desde oficinas del propio Estado Nacional\"<\/p>\n<p>\"Esto me lleva a tomar la decisi\u00f3n de desplazar a agentes de inteligencia, que estaban desde 1983\"<\/p>\n<p>\"Este proyecto va a ser remitido antes de este fin de semana y se va a llamar a sesiones extraordinarias\"<\/p>\n<p>\"El proyecto prev\u00e9 la disoluci\u00f3n de la SIDE\"<\/p>\n<p>\"He tomado la decisi\u00f3n de que se cree la Agencia Federal de Inteligencia\"<\/p>\n<p>\"Esta agencia trabajar\u00e1 en la prevenci\u00f3n de amenazas internacionales provenientes del terrorismo, el narcotr\u00e1fico la trata de personas y los ciberdelitos\"<\/p>\n<p>. \"Se establece la transferencia al Ministerio P\u00fablico Fiscal del sistema de escuchas, conocido como Ojota\"<br \/>\n\"El fiscal Nisman nos acus\u00f3 de confabular un tratado internacional para darles impunidad a los iran\u00edes a cambio de granos\"<\/p>\n<p>. \"No hay un solo abogado que pueda creer que eso haya sido escrito por un fiscal. Es descabellado. Los argumentos son absurdos\"<\/p>\n<p>\"Yo me enter\u00e9 a las 0.30 horas de que algo estaba pasando cuando se comunic\u00f3 conmigo la ministra de Seguridad\"<\/p>\n<p>\"Reci\u00e9n me confirman a las 2.30 que era el cuerpo del fiscal Nisman que estaba en un charco de sangre\"<\/p>\n<p>. \"M\u00e1s tarde surgi\u00f3 el dato de que la pistola pertenec\u00eda a un empleado que ten\u00eda un \u00edntima relaci\u00f3n con Nisman\"<\/p>\n<p>. \"Esta persona es, adem\u00e1s, un feroz opositor al Gobierno. Lo advertimos por su cuenta de Twitter\"<\/p>\n<p>\"Tenemos entonces una persona de \u00edntima confianza que le presta una pistola. El se\u00f1or Lagomarsino es el hermano de una personas que trabaja en importante estudio que es socio del Grupo Clar\u00edn\"<\/p>\n<p>\"Todo este aquelarre informativo tiene como prop\u00f3sito que haya un gran pesimismo en la gente\"<br \/>\n\"Por eso ped\u00ed que se custodiara a Lagomarsino\"<\/p>\n<p>\"El se\u00f1or Lagomarsino comenz\u00f3 a tramitar su pasaporte el 14 de enero\"<\/p>\n<p>\"Alguien pretendi\u00f3 con una denuncia sin fundamentos que pretend\u00edamos cubrir a los iran\u00edes\"<\/p>\n<p>\"A m\u00ed no me van a extorsionar, no les tengo miedo\"<\/p>\n<p>\"No puedo permitir que se tenga sitiada a la democracia\"<\/p>\n","protected":false},"excerpt":{"rendered":"<p>C\u00d3MO SE ENTERA CRISTINA DE LA MUERTE DE NISMAN La presidenta Cristina Kirchner asegur\u00f3 que se enter\u00f3 de la muerte del fiscal Alberto Nisman, quien estaba a cargo de la investigaci\u00f3n de la causa AMIA y que imput\u00f3 a la mandataria y al canciller H\u00e9ctor Timerman por encubrimiento, en la madrugada del lunes. \"Yo me [&hellip;]<\/p>\n","protected":false},"author":1,"featured_media":14022,"comment_status":"open","ping_status":"open","sticky":false,"template":"","format":"standard","meta":{"_stopmodifiedupdate":false,"_modified_date":"","inline_featured_image":false,"spay_email":"","jetpack_publicize_message":""},"categories":[5],"tags":[],"jetpack_featured_media_url":"https:\/\/notinor.com\/jujuy\/wp-content\/uploads\/2015\/01\/cristina-cadena-silla-de-ruedas.jpg","jetpack_publicize_connections":[],"_links":{"self":[{"href":"https:\/\/notinor.com\/jujuy\/wp-json\/wp\/v2\/posts\/14021"}],"collection":[{"href":"https:\/\/notinor.com\/jujuy\/wp-json\/wp\/v2\/posts"}],"about":[{"href":"https:\/\/notinor.com\/jujuy\/wp-json\/wp\/v2\/types\/post"}],"author":[{"embeddable":true,"href":"https:\/\/notinor.com\/jujuy\/wp-json\/wp\/v2\/users\/1"}],"replies":[{"embeddable":true,"href":"https:\/\/notinor.com\/jujuy\/wp-json\/wp\/v2\/comments?post=14021"}],"version-history":[{"count":2,"href":"https:\/\/notinor.com\/jujuy\/wp-json\/wp\/v2\/posts\/14021\/revisions"}],"predecessor-version":[{"id":14024,"href":"https:\/\/notinor.com\/jujuy\/wp-json\/wp\/v2\/posts\/14021\/revisions\/14024"}],"wp:featuredmedia":[{"embeddable":true,"href":"https:\/\/notinor.com\/jujuy\/wp-json\/wp\/v2\/media\/14022"}],"wp:attachment":[{"href":"https:\/\/notinor.com\/jujuy\/wp-json\/wp\/v2\/media?parent=14021"}],"wp:term":[{"taxonomy":"category","embeddable":true,"href":"https:\/\/notinor.com\/jujuy\/wp-json\/wp\/v2\/categories?post=14021"},{"taxonomy":"post_tag","embeddable":true,"href":"https:\/\/notinor.com\/jujuy\/wp-json\/wp\/v2\/tags?post=14021"}],"curies":[{"name":"wp","href":"https:\/\/api.w.org\/{rel}","templated":true}]}}