{"id":14018,"date":"2015-01-27T00:02:33","date_gmt":"2015-01-27T03:02:33","guid":{"rendered":"http:\/\/notinor.com\/jujuy\/?p=14018"},"modified":"2015-01-26T22:40:26","modified_gmt":"2015-01-27T01:40:26","slug":"apedrearon-el-hotel-en-el-que-se-alojo-delia-durante-sus-vacaciones","status":"publish","type":"post","link":"https:\/\/notinor.com\/jujuy\/apedrearon-el-hotel-en-el-que-se-alojo-delia-durante-sus-vacaciones\/","title":{"rendered":"Apedrearon el hotel en el que se aloj\u00f3 D'El\u00eda durante sus vacaciones"},"content":{"rendered":"<p>Un grupo de personas no identificadas atac\u00f3 las instalaciones del hotel \"Rosetti\" de Mina Clavero, donde la semana pasada estuvo alojado Luis D'El\u00eda, uno de los principales involucrados en la denuncia que el fiscal Alberto Nisman present\u00f3 contra la presidente Cristina Kirchner y el canciller H\u00e9ctor Timerman.<\/p>\n<p>El dirigente social est\u00e1 acusado de negociar (avalado por el kirchnerismo) con un supuesto nexo del gobierno iran\u00ed. El objetivo era -seg\u00fan la imputaci\u00f3n- desligar al r\u00e9gimen teocr\u00e1tico de la responsabilidad por el ataque a la AMIA.<\/p>\n<p>La denuncia y las escuchas telef\u00f3nicas que fueron difundidas en las \u00faltimas horas pusieron a D'El\u00eda en el centro de la escena. Sin embargo, el acusado opt\u00f3 por hacer silencio y durante varios d\u00edas se mantuvo alejado de la ciudad de Buenos Aires.<\/p>\n<p>El problema surgi\u00f3 cuando alguien lo divis\u00f3 en la provincia de C\u00f3rdoba y le sac\u00f3 una foto que comenz\u00f3 a difundirse a trav\u00e9s de las redes sociales. A eso se le sum\u00f3 el dato de que el dirigente kirchnerista se alojaba en el hotel Rosetti de Mina Clavero. Y todo desemboc\u00f3 en un ataque.<\/p>\n<p>El pol\u00edtico Alberto Ela\u00edn, due\u00f1o del albergue, confirm\u00f3 la informaci\u00f3n. \"Luego de que surgiera la noticia recibimos amenazas telef\u00f3nicas, por Facebook y durante la noche nos apedrearon. El hotel qu\u00e9 culpa tiene\", se quej\u00f3 en declaraciones a radio Mitre de C\u00f3rdoba.<\/p>\n<p>\"Nosotros no hacemos distinci\u00f3n, recibimos a personas de todos los credos y creencias pol\u00edticas\", dijo el propietario del establecimiento. \"No entiendo la reacci\u00f3n de la gente, nos dec\u00edan que \u00e9ramos nazis como D'El\u00eda. Que no pod\u00edamos recibir a ese tipo de gente... que ten\u00edamos que cerrar\", cont\u00f3.<\/p>\n<p>En declaraciones que reproduce el diario La Voz, Ela\u00edn relat\u00f3 que los agresores \"no llegaron a romper los vidrios, pero las piedras casi a la recepci\u00f3n. Los que hicieron esto son unos trasnochados\".<\/p>\n<p>El objetivo de los atacantes no se cumpli\u00f3 porque D'El\u00eda ya no se encontraba en el hotel. \"Estuvo alojado una semana, al igual que en 2013 y 2014. Viene como un turista m\u00e1s. No le preguntamos nada. Est\u00e1 la justicia para juzgar a la gente, me parece que es lo m\u00e1s l\u00f3gico, no lo podemos juzgar nosotros\", se\u00f1al\u00f3 Ela\u00edn, quien record\u00f3 que pol\u00edticos como Carlos Menem y Eduardo Angeloz pasaron por all\u00ed en otras ocasiones.<\/p>\n","protected":false},"excerpt":{"rendered":"<p>Un grupo de personas no identificadas atac\u00f3 las instalaciones del hotel \"Rosetti\" de Mina Clavero, donde la semana pasada estuvo alojado Luis D'El\u00eda, uno de los principales involucrados en la denuncia que el fiscal Alberto Nisman present\u00f3 contra la presidente Cristina Kirchner y el canciller H\u00e9ctor Timerman. El dirigente social est\u00e1 acusado de negociar (avalado [&hellip;]<\/p>\n","protected":false},"author":1,"featured_media":14019,"comment_status":"open","ping_status":"open","sticky":false,"template":"","format":"standard","meta":{"_stopmodifiedupdate":false,"_modified_date":"","inline_featured_image":false},"categories":[5],"tags":[],"jetpack_featured_media_url":"https:\/\/notinor.com\/jujuy\/wp-content\/uploads\/2015\/01\/delia-cordoba.jpg","_links":{"self":[{"href":"https:\/\/notinor.com\/jujuy\/wp-json\/wp\/v2\/posts\/14018"}],"collection":[{"href":"https:\/\/notinor.com\/jujuy\/wp-json\/wp\/v2\/posts"}],"about":[{"href":"https:\/\/notinor.com\/jujuy\/wp-json\/wp\/v2\/types\/post"}],"author":[{"embeddable":true,"href":"https:\/\/notinor.com\/jujuy\/wp-json\/wp\/v2\/users\/1"}],"replies":[{"embeddable":true,"href":"https:\/\/notinor.com\/jujuy\/wp-json\/wp\/v2\/comments?post=14018"}],"version-history":[{"count":1,"href":"https:\/\/notinor.com\/jujuy\/wp-json\/wp\/v2\/posts\/14018\/revisions"}],"predecessor-version":[{"id":14020,"href":"https:\/\/notinor.com\/jujuy\/wp-json\/wp\/v2\/posts\/14018\/revisions\/14020"}],"wp:featuredmedia":[{"embeddable":true,"href":"https:\/\/notinor.com\/jujuy\/wp-json\/wp\/v2\/media\/14019"}],"wp:attachment":[{"href":"https:\/\/notinor.com\/jujuy\/wp-json\/wp\/v2\/media?parent=14018"}],"wp:term":[{"taxonomy":"category","embeddable":true,"href":"https:\/\/notinor.com\/jujuy\/wp-json\/wp\/v2\/categories?post=14018"},{"taxonomy":"post_tag","embeddable":true,"href":"https:\/\/notinor.com\/jujuy\/wp-json\/wp\/v2\/tags?post=14018"}],"curies":[{"name":"wp","href":"https:\/\/api.w.org\/{rel}","templated":true}]}}