{"id":14004,"date":"2015-01-27T00:02:53","date_gmt":"2015-01-27T03:02:53","guid":{"rendered":"http:\/\/notinor.com\/jujuy\/?p=14004"},"modified":"2015-01-26T22:05:45","modified_gmt":"2015-01-27T01:05:45","slug":"francois-hollande-suspendio-su-visita-a-la-argentina-y-peru","status":"publish","type":"post","link":"https:\/\/notinor.com\/jujuy\/francois-hollande-suspendio-su-visita-a-la-argentina-y-peru\/","title":{"rendered":"Fran\u00e7ois Hollande suspendi\u00f3 su visita a la Argentina y Per\u00fa"},"content":{"rendered":"<p>Esta modificaci\u00f3n se trata \"s\u00f3lo de un retraso, no de una anulaci\u00f3n\", explic\u00f3 una fuente del El\u00edseo a la agencia de noticias EFE, que asegur\u00f3 que se est\u00e1n examinando nuevas fechas para llevar a cabo el desplazamiento previsto.<\/p>\n<p>La fuente argument\u00f3 que la suspensi\u00f3n temporal del viaje obedece a \"razones de contexto general\" y a la necesidad de \"acondicionar la agenda del presidente de la Rep\u00fablica\", despu\u00e9s de los \u00faltimos acontecimientos en Francia y en el plano internacional.<\/p>\n<p>El gobierno franc\u00e9s no lo mencion\u00f3, pero en Argentina suscit\u00f3 pol\u00e9mica la decisi\u00f3n del gobierno de Cristina Kirchner de no participar de manera oficial en la multitudinaria movilizaci\u00f3n de rechazo al ataque a la revista sat\u00edrica Charlie Hebdo el 7 de enero pasado, que dej\u00f3 12 muertos.<\/p>\n<p>El gobernante franc\u00e9s hab\u00eda confirmado en agosto pasado que en 2015 viajar\u00eda a Per\u00fa y Argentina para seguir desarrollando las relaciones econ\u00f3micas de su pa\u00eds con Am\u00e9rica Latina. Hollande ya hab\u00eda anunciado su intenci\u00f3n de viajar a Per\u00fa a principios de julio pasado, despu\u00e9s de reunirse con el presidente peruano, Ollanta Humala, en Par\u00eds.<\/p>\n<p>El mandatario franc\u00e9s recibe hoy en el El\u00edseo al presidente de Colombia, Juan Manuel Santos, con quien pretende profundizar en la cooperaci\u00f3n econ\u00f3mica, educativa y cultural entre ambos pa\u00edses.<\/p>\n","protected":false},"excerpt":{"rendered":"<p>Esta modificaci\u00f3n se trata \"s\u00f3lo de un retraso, no de una anulaci\u00f3n\", explic\u00f3 una fuente del El\u00edseo a la agencia de noticias EFE, que asegur\u00f3 que se est\u00e1n examinando nuevas fechas para llevar a cabo el desplazamiento previsto. La fuente argument\u00f3 que la suspensi\u00f3n temporal del viaje obedece a \"razones de contexto general\" y a [&hellip;]<\/p>\n","protected":false},"author":1,"featured_media":14005,"comment_status":"open","ping_status":"open","sticky":false,"template":"","format":"standard","meta":{"_stopmodifiedupdate":false,"_modified_date":"","inline_featured_image":false},"categories":[6],"tags":[],"jetpack_featured_media_url":"https:\/\/notinor.com\/jujuy\/wp-content\/uploads\/2015\/01\/hollande-argentina.jpg","_links":{"self":[{"href":"https:\/\/notinor.com\/jujuy\/wp-json\/wp\/v2\/posts\/14004"}],"collection":[{"href":"https:\/\/notinor.com\/jujuy\/wp-json\/wp\/v2\/posts"}],"about":[{"href":"https:\/\/notinor.com\/jujuy\/wp-json\/wp\/v2\/types\/post"}],"author":[{"embeddable":true,"href":"https:\/\/notinor.com\/jujuy\/wp-json\/wp\/v2\/users\/1"}],"replies":[{"embeddable":true,"href":"https:\/\/notinor.com\/jujuy\/wp-json\/wp\/v2\/comments?post=14004"}],"version-history":[{"count":1,"href":"https:\/\/notinor.com\/jujuy\/wp-json\/wp\/v2\/posts\/14004\/revisions"}],"predecessor-version":[{"id":14006,"href":"https:\/\/notinor.com\/jujuy\/wp-json\/wp\/v2\/posts\/14004\/revisions\/14006"}],"wp:featuredmedia":[{"embeddable":true,"href":"https:\/\/notinor.com\/jujuy\/wp-json\/wp\/v2\/media\/14005"}],"wp:attachment":[{"href":"https:\/\/notinor.com\/jujuy\/wp-json\/wp\/v2\/media?parent=14004"}],"wp:term":[{"taxonomy":"category","embeddable":true,"href":"https:\/\/notinor.com\/jujuy\/wp-json\/wp\/v2\/categories?post=14004"},{"taxonomy":"post_tag","embeddable":true,"href":"https:\/\/notinor.com\/jujuy\/wp-json\/wp\/v2\/tags?post=14004"}],"curies":[{"name":"wp","href":"https:\/\/api.w.org\/{rel}","templated":true}]}}