{"id":13990,"date":"2015-01-27T00:02:29","date_gmt":"2015-01-27T03:02:29","guid":{"rendered":"http:\/\/notinor.com\/jujuy\/?p=13990"},"modified":"2015-01-26T21:52:03","modified_gmt":"2015-01-27T00:52:03","slug":"la-policia-busca-a-una-menor","status":"publish","type":"post","link":"https:\/\/notinor.com\/jujuy\/la-policia-busca-a-una-menor\/","title":{"rendered":"LA POLICIA BUSCA A UNA MENOR"},"content":{"rendered":"<p>Efectivos policiales de la seccional 2da del barrio Gorriti se encuentran abocados a la b\u00fasqueda de una menor de 12 a\u00f1os de edad identificada como TAMARA TRUJILLO con domicilio transitorio en el Hogar \"Casa del Ni\u00f1os y la Ni\u00f1a\".<\/p>\n<p>Por tal motivo aportaron los siguientes datos filiatorios: contextura f\u00edsica semi robusta, estatura aproximada 1.10 mtrs., cabello corto lacio de color negro, tez morocha, la misma vest\u00eda un pantal\u00f3n de color gris, musculosa gris y calzaba zapatillas de color blancas estampadas.<\/p>\n<p>&nbsp;<\/p>\n","protected":false},"excerpt":{"rendered":"<p>Efectivos policiales de la seccional 2da del barrio Gorriti se encuentran abocados a la b\u00fasqueda de una menor de 12 a\u00f1os de edad identificada como TAMARA TRUJILLO con domicilio transitorio en el Hogar \"Casa del Ni\u00f1os y la Ni\u00f1a\". Por tal motivo aportaron los siguientes datos filiatorios: contextura f\u00edsica semi robusta, estatura aproximada 1.10 mtrs., [&hellip;]<\/p>\n","protected":false},"author":1,"featured_media":13785,"comment_status":"open","ping_status":"open","sticky":false,"template":"","format":"standard","meta":{"_stopmodifiedupdate":false,"_modified_date":"","inline_featured_image":false},"categories":[3],"tags":[],"jetpack_featured_media_url":"https:\/\/notinor.com\/jujuy\/wp-content\/uploads\/2015\/01\/SE-BUSCA2.jpg","_links":{"self":[{"href":"https:\/\/notinor.com\/jujuy\/wp-json\/wp\/v2\/posts\/13990"}],"collection":[{"href":"https:\/\/notinor.com\/jujuy\/wp-json\/wp\/v2\/posts"}],"about":[{"href":"https:\/\/notinor.com\/jujuy\/wp-json\/wp\/v2\/types\/post"}],"author":[{"embeddable":true,"href":"https:\/\/notinor.com\/jujuy\/wp-json\/wp\/v2\/users\/1"}],"replies":[{"embeddable":true,"href":"https:\/\/notinor.com\/jujuy\/wp-json\/wp\/v2\/comments?post=13990"}],"version-history":[{"count":1,"href":"https:\/\/notinor.com\/jujuy\/wp-json\/wp\/v2\/posts\/13990\/revisions"}],"predecessor-version":[{"id":13991,"href":"https:\/\/notinor.com\/jujuy\/wp-json\/wp\/v2\/posts\/13990\/revisions\/13991"}],"wp:featuredmedia":[{"embeddable":true,"href":"https:\/\/notinor.com\/jujuy\/wp-json\/wp\/v2\/media\/13785"}],"wp:attachment":[{"href":"https:\/\/notinor.com\/jujuy\/wp-json\/wp\/v2\/media?parent=13990"}],"wp:term":[{"taxonomy":"category","embeddable":true,"href":"https:\/\/notinor.com\/jujuy\/wp-json\/wp\/v2\/categories?post=13990"},{"taxonomy":"post_tag","embeddable":true,"href":"https:\/\/notinor.com\/jujuy\/wp-json\/wp\/v2\/tags?post=13990"}],"curies":[{"name":"wp","href":"https:\/\/api.w.org\/{rel}","templated":true}]}}