{"id":139485,"date":"2017-10-10T18:03:03","date_gmt":"2017-10-10T21:03:03","guid":{"rendered":"http:\/\/notinor.com\/jujuy\/?p=139485"},"modified":"2017-10-10T18:03:03","modified_gmt":"2017-10-10T21:03:03","slug":"encuentro-de-intercambio-de-experiencias-y-aromas-entre-productores-de-jujuy-y-tarija","status":"publish","type":"post","link":"https:\/\/notinor.com\/jujuy\/encuentro-de-intercambio-de-experiencias-y-aromas-entre-productores-de-jujuy-y-tarija\/","title":{"rendered":"Encuentro de Intercambio de Experiencias y aromas entre productores de Jujuy y Tarija"},"content":{"rendered":"<p>En el sal\u00f3n Marcos Paz de la Legislatura de Jujuy se llev\u00f3 a cabo el encuentro de intercambio de experiencias de aromas y sabores entre las Regiones de Tarija y de la Quebrada de Humahuaca.<\/p>\n<p>En esta oportunidad participaron de este encuentro el Vicegobernador de Jujuy, CPN Carlos Haqu\u00edm; el Subgobernador de la Provincia de Cercado \u2013 Tarija, Dr. Jhonny Torres Terzo;\u00a0 el Dr. Horacio Macedo; el Presidente de la C\u00e1mara Minera de la Ciudad de Tarija, Sr. Rodolfo Meyer; el Presidente de de la Asociaci\u00f3n de Talladores de Gemas de la Ciudad de Tarija, Sr. Rodolfo Meyer (h); el Comisionado Municipal de Tumbaya, Sr. Hugo Mamani; el Comisionado Municipal de Purmamarca, Prof. Marcelo Aramayo y Diputados Provinciales de la Legislatura de Jujuy.<\/p>\n<p>Funcionarios del \u00e1rea de Turismo del Estado Plurinacional de Bolivia y la Provincia de Jujuy, anunciaron el proyecto de un corredor Binacional que unir\u00e1 las Ciudades de Tarija y Humahuaca.<\/p>\n<p>Con respecto a esto,\u00a0\u00a0Torres Terzo coment\u00f3 que desde Tarija ya se est\u00e1 trabajando en la construcci\u00f3n de un camino de monta\u00f1a que permitir\u00e1 la conexi\u00f3n entre estas dos ciudades; adem\u00e1s agrego: \"Si hay algo que no podemos lograr en Tarija es el proceso educativo y formativo hacia el turismo y hoy vimos en la Quebrada de Humahuaca, de la manera en que se maneja y nos dimos cuentas como se hace el turismo y es algo que queremos poder llevar a nuestra ciudad.\"<\/p>\n<p>Por otra parte el Subgobernador hizo hincapi\u00e9 en la relaci\u00f3n entre los pueblos hermanos: \"hemos estado trabajado siempre y permanente. Hoy estamos invitando al pueblo juje\u00f1o y productores de vinos, jamones y quesos al festival que se va a realizar el 10 y el 11 de noviembre en la ciudad de Tarija; pero esa es la misi\u00f3n de lo inmediato, en cuanto a lo que planeamos a largo plazo es juntar las agendas de desarrollo, para encontrar alternativas econ\u00f3micas, comerciales, industriales, de turismo\", puntualiz\u00f3.<\/p>\n<p>Por su parte y para finalizar, el Vicegobernador de Jujuy dijo que siempre se habl\u00f3 de la uni\u00f3n de los pueblos, pero que poco se hizo hasta ahora, \"Quiero rescatar la dedicaci\u00f3n de los vecinos de la Quebrada de Humahuaca y a los comisionados municipales, que trabajan y trabajaron silenciosamente en una relaci\u00f3n que hoy nos permiten tener a nuestros hermanos Bolivianos con nosotros en nuestra Casa y con muchos proyectos por desarrollar para el crecimiento de ambas Ciudades\",\u00a0\u00a0finaliz\u00f3<\/p>\n","protected":false},"excerpt":{"rendered":"<p>En el sal\u00f3n Marcos Paz de la Legislatura de Jujuy se llev\u00f3 a cabo el encuentro de intercambio de experiencias de aromas y sabores entre las Regiones de Tarija y de la Quebrada de Humahuaca. En esta oportunidad participaron de este encuentro el Vicegobernador de Jujuy, CPN Carlos Haqu\u00edm; el Subgobernador de la Provincia de [&hellip;]<\/p>\n","protected":false},"author":1,"featured_media":139488,"comment_status":"open","ping_status":"open","sticky":false,"template":"","format":"standard","meta":{"_stopmodifiedupdate":false,"_modified_date":"","inline_featured_image":false,"spay_email":"","jetpack_publicize_message":""},"categories":[13],"tags":[],"jetpack_featured_media_url":"https:\/\/notinor.com\/jujuy\/wp-content\/uploads\/2017\/10\/DSC_0333.jpg","jetpack_publicize_connections":[],"_links":{"self":[{"href":"https:\/\/notinor.com\/jujuy\/wp-json\/wp\/v2\/posts\/139485"}],"collection":[{"href":"https:\/\/notinor.com\/jujuy\/wp-json\/wp\/v2\/posts"}],"about":[{"href":"https:\/\/notinor.com\/jujuy\/wp-json\/wp\/v2\/types\/post"}],"author":[{"embeddable":true,"href":"https:\/\/notinor.com\/jujuy\/wp-json\/wp\/v2\/users\/1"}],"replies":[{"embeddable":true,"href":"https:\/\/notinor.com\/jujuy\/wp-json\/wp\/v2\/comments?post=139485"}],"version-history":[{"count":1,"href":"https:\/\/notinor.com\/jujuy\/wp-json\/wp\/v2\/posts\/139485\/revisions"}],"predecessor-version":[{"id":139489,"href":"https:\/\/notinor.com\/jujuy\/wp-json\/wp\/v2\/posts\/139485\/revisions\/139489"}],"wp:featuredmedia":[{"embeddable":true,"href":"https:\/\/notinor.com\/jujuy\/wp-json\/wp\/v2\/media\/139488"}],"wp:attachment":[{"href":"https:\/\/notinor.com\/jujuy\/wp-json\/wp\/v2\/media?parent=139485"}],"wp:term":[{"taxonomy":"category","embeddable":true,"href":"https:\/\/notinor.com\/jujuy\/wp-json\/wp\/v2\/categories?post=139485"},{"taxonomy":"post_tag","embeddable":true,"href":"https:\/\/notinor.com\/jujuy\/wp-json\/wp\/v2\/tags?post=139485"}],"curies":[{"name":"wp","href":"https:\/\/api.w.org\/{rel}","templated":true}]}}