{"id":139483,"date":"2017-10-10T18:00:50","date_gmt":"2017-10-10T21:00:50","guid":{"rendered":"http:\/\/notinor.com\/jujuy\/?p=139483"},"modified":"2017-10-10T18:00:50","modified_gmt":"2017-10-10T21:00:50","slug":"ledesma-federico-gatti-no-le-estamos-quitando-el-salario-a-nadie-le-estamos-aumentando-el-25","status":"publish","type":"post","link":"https:\/\/notinor.com\/jujuy\/ledesma-federico-gatti-no-le-estamos-quitando-el-salario-a-nadie-le-estamos-aumentando-el-25\/","title":{"rendered":"Ledesma - Federico Gatti: \"No le estamos quitando el salario a nadie, le estamos aumentando el 25%\""},"content":{"rendered":"<p>Al respecto, indic\u00f3 \"Se reunieron las dos empresas con los sindicatos (Ledesma y El Tabacal)\u00a0seguimos el\u00a0esquema de negociaci\u00f3n del CARNA. Primero hay que decir que el ausentismo (en Ledesma) est\u00e1 en el 14%, el 86% de la gente esta trabajando en campo, en la finca y adentro de f\u00e1brica. Lamentablemente ayer llovi\u00f3 entre ocho y diez mm, durante la tarde noche y ya ven\u00edamos con algunos problemas de abastecimiento de ca\u00f1a por la lluvia, y para no da\u00f1ar los ca\u00f1aleros, estamos con una molienda por debajo de la cantidad de\u00a0gente\u00a0que tenemos, pero se debe al tema de la lluvia de ayer\".<\/p>\n<p>Por otro lado refiri\u00f3 \"estamos con el esquema de siempre, habilitando las porter\u00edas, flexibilizando los horarios para que la gente pueda venir sin ning\u00fan tipo de inconveniente a trabajar. Lo ha hecho mas de 86% en el turno de las 5 de la ma\u00f1ana\".<\/p>\n<p>&nbsp;<\/p>\n<blockquote><p>\"Lamentamos y repudiamos lo que est\u00e1 haciendo esta pseudo radio trasmitiendo ac\u00e1 y nombrando ala gente que est\u00e1 trabajando sinceramente es una falta de \u00e9tica y hombr\u00eda de dar nombre y apellido, nombrarlos por los apodos y mandando saluditos, no se a que apuntan, pero bueno es un poco la desesperaci\u00f3n en esta medida de fuerza que no tiene el respaldo de la gente. Est\u00e1n haciendo canalladas, escrachar una comunidad tan chica y tan unida como es la de Ledesma, es de poco hombres. Me pongo en la piel de gente que est\u00e1 trabajando, que est\u00e1 cumpliendo y que puede pretender un mejor salario y que por ah\u00ed entiende que la oferta de Ledesma no le convence pero que hace le esfuerzo y viene a trabajar por no perder el presentismo y para demostrar que siempre la negociaci\u00f3n tiene que ser a trav\u00e9s de la negocaci\u00f3n y no a trav\u00e9s del paro\", indic\u00f3 el licenciado.<\/p><\/blockquote>\n<p>&nbsp;<\/p>\n<p>Precis\u00f3 que respecto al a medida de fuerza se esperar\u00e1 igual que el ultimo paro del SOEAIL, \"esperaremos estas 24 horas a venza y volveremos a conversar. Nosotros, Tabacal y Ledesma flexbilizaron mucho, y llevaron una propuesta interesante, entendemos nosotros a la mesa de negociaci\u00f3n, que fueron dos d\u00edas en Jujuy, para no tener que viajar a Bs. As., tratar de adelantar todo lo que sea posible\".<\/p>\n<p>&nbsp;<\/p>\n<p>Flexibilizaci\u00f3n y mejoras en las propuestas de Ledesma y El Tabacal<\/p>\n<p>\"Hemos mejorado la tira final que era de 20 mil pesos, llev\u00e1ndola a 20250 pesos, es un incrementos del 25%. Antes habl\u00e1bamos de un 22,5% m\u00e1s un 1% adicional hoy la oferta fue del 25. El 80% de los sueldos que se\u00a0cerraron a partir de este a\u00f1o entre el 18 y 22%. La oferta de Ledesma y Tabacal es del 25%, indic\u00f3 Gatti. Ademas, agreg\u00f3 \"Hemos flexibilizado el tema de los presentismos de octubre, tomando como una especie de blanqueo el primer d\u00eda para calcular el presentismo que sea el cuatro de octubre, cosa que la gente que adhiri\u00f3 el \u00faltimo d\u00eda, no pierda el presentismo de octubre. Un gesto de buena voluntad que guiamos a la mesa de negociaci\u00f3n. Flexibilizamos este\u00a0premio de incentivo por molienda, extendiendo el plazo para que lo que se perdi\u00f3 por ese 25% que no trabaj\u00f3 en los primeros veinte d\u00edas de paro no hagan que se pierda el incentivo por molienda. Yo dec\u00eda que el paro hab\u00eda sido un fracaso porque se estaba moliendo y que tenemos que extender el incentivo. Extendemos el presentismo porque esos cinco d\u00edas que se perdieron de los veinte d\u00edas de paro obviamente, cay\u00f3 el promedio de molienda y se perdi\u00f3 el objetivo\".<\/p>\n<p>&nbsp;<\/p>\n<p>Las propuestas sobre la mesa salarial y las exigencias gremiales<\/p>\n<p>\"Llevamos a la mesa una propuesta superadora para que la gente no pierda ni el presentismo, ni el incentivo adicional. Pusimos nuevamente una clausula gatillo, si la inflaci\u00f3n supera el 25%, autom\u00e1ticamente reconocemos lo que marque el\u00a0INDEC para ese periodo. Tratamos de llevar la mejor predisposici\u00f3n a la mesa de negociaci\u00f3n, sinceramente no se logr\u00f3. Ellos bajaron de 21.900 pesos a 21.650,\u00a0le dijimos que ese numero era insostenible, que la oferta \u00e9sta es la \u00faltima, como hab\u00edamos dicho, que es la ultima oferta que podemos hacer teniendo en cuenta la sostenibilidad, empleo y\u00a0las finanzas de las dos empresas. No lo\u00a0entendieron as\u00ed en una reuni\u00f3n de delegados, decidieron hacer un paro por 48 hrs. y hay que esperar que finalice ese paro\".<\/p>\n<p>&nbsp;<\/p>\n<blockquote><p>Ellos (los trabajadores del SOEAIL) siguen pensando que tenemos un as bajo la manga, que a\u00a0trav\u00e9s\u00a0de la presi\u00f3n de la presi\u00f3n van a conseguir mas plata, y exprimiendo las piedras no se saca agua y se lo dijimos, no lo quieren entender. Nosotros mantenemos esquema de trabajo, las garant\u00eda de tranquilidad con nuestra gente. Salvo los delegados todos est\u00e1n trabajando.<\/p>\n<p>&nbsp;<\/p><\/blockquote>\n<p>El licenciado Gatti, desminti\u00f3 las versiones maliciosas respecto al incumplimiento de los pagos retroactivos y explic\u00f3 los motivos de los errores del sistema. \"Hay versiones que indican que no vamos a pagar\u00a0retroactivos, y son todas ruidos para generar esta sensaci\u00f3n de inseguridad para ponerle bronca a la gente, para que la gente este de mal humor. ya pagamos ayer y hoy el ajusto lo que nos autoriz\u00f3 el Ministerio de Trabajo de Naci\u00f3n a pagar la \u00faltima oferta que presentamos el 12 de\u00a0septiembre, hubo algunos errores en la liquidaci\u00f3n, pero ya se est\u00e1n solucionando. No es f\u00e1cil liquidar ajustes, los programas est\u00e1n pensados para liquidar el presente, no para empezar a contar para atr\u00e1s. No obstante reconocemos que hubo errores, y que los estamos solucionando. Pedimos las disculpas del caso y estamos trabajando ciento por ciento en eso\".<\/p>\n<p>Agreg\u00f3, \"vamos a pagar el retroactivo de mayo a agosto, junto con la primer quincena de octubre que ser\u00e1 a partir de 16.17 de octubre se pagar\u00e1 la semana del reajuste, conforme lo comunicamos por escrito. Nos atenemos a lo que informamos por escrito. Nos comprometemos a llevar el salario b\u00e1sico 16.308 para mayo del 2018 como un adelanto de lo que va a ser la futura negociaci\u00f3n, un piso importante como adelanto. Todo esto no fue aceptado, ten\u00edan un postura muy r\u00edgida, en cuanto a la tira final, hablan de San Isidro y R\u00edo Grande como si fueran la meta a alcanzar. Mientras nosotros nos comparamos con Tucum\u00e1n, estamos pagando mas de 1500 pesos por encima de la oferta tucumana. No le estamos quitando el salario a nadie, le estamos\u00a0aumentando\u00a0el 25%, el b\u00e1sico se est\u00e1 aumentando en un 32,5%,<\/p>\n<p>&nbsp;<\/p>\n<blockquote><p>Pidi\u00f3, \"dej\u00e9monos de los discursos, de hasta la victoria siempre, y todo lo que paso en la argentina en la d\u00e9cada de los 70. Dejemos de hacer pol\u00edtica con esto con el salario de la gente y cerremos una cuerdo que satisfaga las expectativas del trabajador, este es nuestro norte\".<\/p>\n<p>&nbsp;<\/p><\/blockquote>\n<p>Finalizando aclar\u00f3, \"el retroactivo ya esta dispuesto para pagarse en la primer quincena de octubre mayo julio y agosto. lo que se deposit\u00f3 ayer y hoy, es el ajusto por el mes de septiembre. pero el resto se va a pagar como esta informado\".<\/p>\n","protected":false},"excerpt":{"rendered":"<p>Al respecto, indic\u00f3 \"Se reunieron las dos empresas con los sindicatos (Ledesma y El Tabacal)\u00a0seguimos el\u00a0esquema de negociaci\u00f3n del CARNA. Primero hay que decir que el ausentismo (en Ledesma) est\u00e1 en el 14%, el 86% de la gente esta trabajando en campo, en la finca y adentro de f\u00e1brica. Lamentablemente ayer llovi\u00f3 entre ocho y [&hellip;]<\/p>\n","protected":false},"author":1,"featured_media":109590,"comment_status":"open","ping_status":"open","sticky":false,"template":"","format":"standard","meta":{"_stopmodifiedupdate":false,"_modified_date":"","inline_featured_image":false,"spay_email":"","jetpack_publicize_message":""},"categories":[485],"tags":[],"jetpack_featured_media_url":"https:\/\/notinor.com\/jujuy\/wp-content\/uploads\/2017\/03\/ledesma-gatti.jpg","jetpack_publicize_connections":[],"_links":{"self":[{"href":"https:\/\/notinor.com\/jujuy\/wp-json\/wp\/v2\/posts\/139483"}],"collection":[{"href":"https:\/\/notinor.com\/jujuy\/wp-json\/wp\/v2\/posts"}],"about":[{"href":"https:\/\/notinor.com\/jujuy\/wp-json\/wp\/v2\/types\/post"}],"author":[{"embeddable":true,"href":"https:\/\/notinor.com\/jujuy\/wp-json\/wp\/v2\/users\/1"}],"replies":[{"embeddable":true,"href":"https:\/\/notinor.com\/jujuy\/wp-json\/wp\/v2\/comments?post=139483"}],"version-history":[{"count":2,"href":"https:\/\/notinor.com\/jujuy\/wp-json\/wp\/v2\/posts\/139483\/revisions"}],"predecessor-version":[{"id":139487,"href":"https:\/\/notinor.com\/jujuy\/wp-json\/wp\/v2\/posts\/139483\/revisions\/139487"}],"wp:featuredmedia":[{"embeddable":true,"href":"https:\/\/notinor.com\/jujuy\/wp-json\/wp\/v2\/media\/109590"}],"wp:attachment":[{"href":"https:\/\/notinor.com\/jujuy\/wp-json\/wp\/v2\/media?parent=139483"}],"wp:term":[{"taxonomy":"category","embeddable":true,"href":"https:\/\/notinor.com\/jujuy\/wp-json\/wp\/v2\/categories?post=139483"},{"taxonomy":"post_tag","embeddable":true,"href":"https:\/\/notinor.com\/jujuy\/wp-json\/wp\/v2\/tags?post=139483"}],"curies":[{"name":"wp","href":"https:\/\/api.w.org\/{rel}","templated":true}]}}