{"id":13918,"date":"2015-01-26T00:00:37","date_gmt":"2015-01-26T03:00:37","guid":{"rendered":"http:\/\/notinor.com\/jujuy\/?p=13918"},"modified":"2015-01-26T02:53:11","modified_gmt":"2015-01-26T05:53:11","slug":"pedro-aznar-y-soledad-en-la-apertura-de-cosquin-2015","status":"publish","type":"post","link":"https:\/\/notinor.com\/jujuy\/pedro-aznar-y-soledad-en-la-apertura-de-cosquin-2015\/","title":{"rendered":"Pedro Aznar  y Soledad en la apertura de Cosqu\u00edn 2015"},"content":{"rendered":"<p>El cantautor ofreci\u00f3 un repertorio de neto corte argentino y latinoamericano con el que brind\u00f3 el toque de distinci\u00f3n a la primera velada de la 55ta. edici\u00f3n del Festival Mayor del Folclore de Cosqu\u00edn.<\/p>\n<p>En la velada de apertura del encuentro que se desarrollar\u00e1 hasta el domingo 1 de febrero en el coraz\u00f3n del Valle de Punilla, tambi\u00e9n hubo destacadas actuaciones de Soledad y L\u00e1zaro Caballero Moreno (consagraci\u00f3n 2014).<\/p>\n<p>Alrededor de 7.000 personas, una cifra inferior a la de otras ediciones en su jornada inaugural, siguieron las actuaciones que se sucedieron sobre el escenario Atahualpa Yupanqui enclavado en la Plaza Pr\u00f3spero Molina.<\/p>\n<p>Pese a esa audiencia raleada, la ciudad luce colmada y estuvieron muy pobladas pe\u00f1as como las de N\u00e9stor Garnica, Los Colorados-Hern\u00e1n Bolleta y Los Manseros Santiague\u00f1os.<\/p>\n<p>En ese marco, Aznar se ungi\u00f3 en la gran figura de la noche y desde la voz, la guitarra o el bajo y al frente de su tr\u00edo, convirti\u00f3 el festival en un verdadero templo de silencio para admirar un pu\u00f1ado de obras esenciales.<\/p>\n<p>La actuaci\u00f3n del ex Ser\u00fa Gir\u00e1n resalt\u00f3 una velada que comenz\u00f3 con las bendiciones religiosas y con la Orquesta Sinf\u00f3nica de C\u00f3rdoba dirigida por Guillermo Becerra acompa\u00f1ando las estrofas del Himno Nacional Argentino e inmediatamente y junto a Guitarreros, el Ballet Cam\u00edn y la copla de Mariana Carrizo, compartiendo el \"Himno a Cosqu\u00edn\".<\/p>\n<p>Soledad, junto a su banda que dirige el bajista Pablo Santos, despleg\u00f3 un interesante show basado en su repertorio habitual y estren\u00f3 nuevas composiciones de su pr\u00f3ximo disco a editarse en marzo.<\/p>\n<p>Como invitados participaron los j\u00f3venes cantantes Gustavo Corval\u00e1n y Pablo Cordero (ganador y coach del concurso televisivo \"La voz argentina\") y el Ballet Ch\u00facaro y su hermana Natalia.<\/p>\n<p>La Sole, quien cumplir\u00e1 sus 20 a\u00f1os de trayectoria el pr\u00f3ximo a\u00f1o e iniciar\u00e1 los festejos precisamente en Cosqu\u00edn, de donde surgi\u00f3, arm\u00f3 un show variado, potente y con puesta en escena, pasando por el folclore, la balada, el pop y lo latinoamericano.<\/p>\n<p>La vientista salte\u00f1a Mariana Cay\u00f3n, con una selecci\u00f3n de huaynos, tinku y zambas con las invitadas Las Huellas del Viento, Cinco sentidos de C\u00f3rdoba y el innecesario humor de Julio \"Vaca\" Chicharr\u00f3n, completaron la apertura que se extendi\u00f3 al filo de las 4 de la madrugada.<\/p>\n<p>Hoy en la tercera luna, el protag\u00f3nico ser\u00e1 de Los Carabajal, Suna Rocha, Franco Luciani, Ceibo, Roxana Carabajal, Pablo Lozano, Angela Irene, Sergio Galleguillo, Delegaci\u00f3n de San Juan, Omar P\u00e9rez, grupo Nuevo Tiempo, Amanday\u00e9, Bruno Arias y Conjunto Folcl\u00f3rico Armenio Kusan.<\/p>\n","protected":false},"excerpt":{"rendered":"<p>El cantautor ofreci\u00f3 un repertorio de neto corte argentino y latinoamericano con el que brind\u00f3 el toque de distinci\u00f3n a la primera velada de la 55ta. edici\u00f3n del Festival Mayor del Folclore de Cosqu\u00edn. En la velada de apertura del encuentro que se desarrollar\u00e1 hasta el domingo 1 de febrero en el coraz\u00f3n del Valle [&hellip;]<\/p>\n","protected":false},"author":1,"featured_media":13919,"comment_status":"open","ping_status":"open","sticky":false,"template":"","format":"standard","meta":{"_stopmodifiedupdate":false,"_modified_date":"","inline_featured_image":false,"spay_email":"","jetpack_publicize_message":""},"categories":[21],"tags":[],"jetpack_featured_media_url":"https:\/\/notinor.com\/jujuy\/wp-content\/uploads\/2015\/01\/aznar.jpg","jetpack_publicize_connections":[],"_links":{"self":[{"href":"https:\/\/notinor.com\/jujuy\/wp-json\/wp\/v2\/posts\/13918"}],"collection":[{"href":"https:\/\/notinor.com\/jujuy\/wp-json\/wp\/v2\/posts"}],"about":[{"href":"https:\/\/notinor.com\/jujuy\/wp-json\/wp\/v2\/types\/post"}],"author":[{"embeddable":true,"href":"https:\/\/notinor.com\/jujuy\/wp-json\/wp\/v2\/users\/1"}],"replies":[{"embeddable":true,"href":"https:\/\/notinor.com\/jujuy\/wp-json\/wp\/v2\/comments?post=13918"}],"version-history":[{"count":1,"href":"https:\/\/notinor.com\/jujuy\/wp-json\/wp\/v2\/posts\/13918\/revisions"}],"predecessor-version":[{"id":13920,"href":"https:\/\/notinor.com\/jujuy\/wp-json\/wp\/v2\/posts\/13918\/revisions\/13920"}],"wp:featuredmedia":[{"embeddable":true,"href":"https:\/\/notinor.com\/jujuy\/wp-json\/wp\/v2\/media\/13919"}],"wp:attachment":[{"href":"https:\/\/notinor.com\/jujuy\/wp-json\/wp\/v2\/media?parent=13918"}],"wp:term":[{"taxonomy":"category","embeddable":true,"href":"https:\/\/notinor.com\/jujuy\/wp-json\/wp\/v2\/categories?post=13918"},{"taxonomy":"post_tag","embeddable":true,"href":"https:\/\/notinor.com\/jujuy\/wp-json\/wp\/v2\/tags?post=13918"}],"curies":[{"name":"wp","href":"https:\/\/api.w.org\/{rel}","templated":true}]}}