{"id":13900,"date":"2015-01-25T23:28:20","date_gmt":"2015-01-26T02:28:20","guid":{"rendered":"http:\/\/notinor.com\/jujuy\/?p=13900"},"modified":"2015-01-25T23:29:45","modified_gmt":"2015-01-26T02:29:45","slug":"que-parezca-un-suicidio","status":"publish","type":"post","link":"https:\/\/notinor.com\/jujuy\/que-parezca-un-suicidio\/","title":{"rendered":"Que parezca un suicidio"},"content":{"rendered":"<div class=\"ContentRight WithRightRail FullView\" data-link=\"class{:~tag.contentRightClass(Layout.IsFullView, Layout.ReadingPaneMode)}\">\n<div class=\"ContentRightInner t_mbgc t_qtc t_urtc\">\n<div id=\"inboxControl0fv-ReadMessageContainer\" class=\"v-ReadMessageContainer slideOnResize\" tabindex=\"-1\">\n<div class=\"c-ReadMessage\" data-link=\"class{readMessageClass: ~tag.Show}\">\n<div id=\"ReadMessageScrollableSection\" class=\"rmMessages ClearBoth\" tabindex=\"-1\">\n<div id=\"readMessagePartControl385f\" class=\"c-ReadMessagePart ReadMsgContainer HasLayout ClearBoth HideShadows FullPart NoHistory Read RmIc\" data-link=\"class{:~tag.getHeaderCssClass(IsConversationPart, IsRead, IsDraft, IsTrustedSender, Items.length)}\">\n<div class=\"c-ReadMessagePartBody\" data-link=\"class{getClass:IsBodyExpanded}\">\n<div class=\"readMsgBody\">\n<div id=\"bodyreadMessagePartBodyControl390f\" class=\"ExternalClass MsgBodyContainer\" data-link=\"class{:~tag.cssClasses(PlainText, IsContentFiltered)}\">\n<div dir=\"ltr\">\n<p class=\"ecxMsoNormal\">Una semana triste y bochornosa para la historia argentina han dejado como saldo a un <b>gobierno nacional bajo sospecha y bajo la lupa de la opini\u00f3n p\u00fablica nacional e internacional.<\/b><\/p>\n<p class=\"ecxMsoNormal\"><b>La muerte del fiscal Alberto Nisman suma un nuevo cap\u00edtulo a los 21 a\u00f1os de impunidad en la causa AMIA, y una nueva entrada en el triste r\u00e9cord de muertes inexplicables -ocurridas en democracia-<\/b> pero llenas de un contenido pol\u00edtico que afectan seriamente a institucionalidad de nuestro pa\u00eds y a la credibilidad y autoridad moral del Gobierno de turno.<\/p>\n<p class=\"ecxMsoNormal\"><b>Es un hecho con precedente al que solo le cabe el calificativo de magnicidio<\/b>, al tratarse de un fiscal de la naci\u00f3n encargado de investigar nada menos que el atentado terrorista m\u00e1s grave de toda la historia que se cobr\u00f3 la vida de 85 ciudadanos argentinos.\u00a0 <b>El \u00fanico antecedente de magnicido en nuestro pa\u00eds podr\u00eda encontrarse en la muerte del senador Enzo Bordabehere, quien recibi\u00f3 las balas destinadas al senador Lisandro de La Torre, en plena sesi\u00f3n del Senado de la Naci\u00f3n en 1935.<\/b><\/p>\n<p class=\"ecxMsoNormal\">Casualidades o iron\u00edas de la vida, <b>el fiscal Nisman ten\u00eda que concurrir a una comisi\u00f3n del congreso para explicar la imputaci\u00f3n del delito de encubrimiento del terrorismo que hab\u00eda hecho en contra de la presidente de la naci\u00f3n y el canciller<\/b>, en favor de un intercambio comercial de granos por petr\u00f3leo con la Rep\u00fablica de Ir\u00e1n.\u00a0 <b>Lisandro de la Torre ven\u00eda denunciando la corrupci\u00f3n en el comercio internacional con Gran Breta\u00f1a que involucraba a exportadores, productores, y frigor\u00edficos.\u00a0 Alguien quiso callarlos.\u00a0 Alguien estaba molesto por lo que ten\u00edan que decir. <\/b>\u00a0Por casualidad, <b>dicen que Lisandro de la Torre \u00bfse quit\u00f3 la vida de un disparo en el coraz\u00f3n?, abrumado por la muerte de su colega senador y tras fracasar en sus denuncias p\u00fablicas de la corrupci\u00f3n en torno al comercio internacional.<\/b><\/p>\n<p class=\"ecxMsoNormal\">El caso Nisman ha dado muchos giros desde que se conoci\u00f3 el desafortunado final de la vida de un hombre que estaba en la c\u00faspide de su carrera como jurista.\u00a0 <b>No son pocos los que dudan sobre la hip\u00f3tesis del suicidio, especialmente quienes lo trataban cotidianamente<\/b>.\u00a0 Claro que en cuanto tom\u00f3 estado p\u00fablico la muerte y las sospechosas circunstancias que rodeaban a la escena de la muerte, <b>no faltaron quienes inmediatamente se apresuraron a suscribir la hip\u00f3tesis del suicidio.<\/b><\/p>\n<p class=\"ecxMsoNormal\"><b>Desafortunadamente la primera en emitir un veredicto sobre la muerte del fiscal fue la presidente de la naci\u00f3n.\u00a0 En una c\u00ednica carta virtual publicada en su cuenta de facebook, la presidente inici\u00f3 la misiva elucubrando sobre las razones que pueden llevar a una persona a tomar la decisi\u00f3n m\u00e1s grave de todas:\u00a0 la de acabar con la propia vida.<\/b>\u00a0 El resto de la carta fue una cr\u00f3nica autoreferencial de c\u00f3mo percibe ella que se ha manejado la delicada causa AMIA durante la d\u00e9cada ganada.\u00a0 Son muy <b>pocos los que pueden estar de acuerdo con ella sobre este punto, sobre todo los familiares de las v\u00edctimas y la colectividad jud\u00eda que, en la semana que pas\u00f3, le baj\u00f3 el pulgar<\/b>.\u00a0 Muestra de ello fue la no asistencia de las delegaciones de la AMIA y la DAIA al acto que prepar\u00f3 el Gobierno para conmemorar un nuevo aniversario del D\u00eda del Holocausto.\u00a0 La otra muestra fue la masiva marcha que realiz\u00f3 la Celectividad hacia la AMIA reclamando justicia y exhibiendo carteles con la leyenda #YoSoyNisman o #NismanMuertoN\u00b086.<\/p>\n<p class=\"ecxMsoNormal\">Claro que <b>no faltaron los obsecuentes de siempre que adhirieron al veredicto que solo una exitosa abogada pudo realizar sin tener contacto con la escena de muerte, ni con las evidencias recabadas. <\/b>\u00a0Y as\u00ed fue que <b>Sergio Berni lanz\u00f3 la primera evaluaci\u00f3n afirmando que \"cuando tenemos un cuerpo, un arma y un casquillo, todos los caminos conducen al suicidio\"<\/b>.\u00a0 Tras la primera carta de la presidente los obsecuentes no se hicieron esperar.\u00a0 <b>V\u00edctor Hugo Morales lleg\u00f3 a asegurar que el fiscal se quit\u00f3 la vida al darse cuenta de lo endeble de sus \"mentiras\" y de que lo hab\u00edan dejado solo.<\/b>\u00a0 El oficialismo organiz\u00f3 la <b>primera conferencia al respecto, con Juli\u00e1n Dominguez y Juliana de Tullio a la cabeza elucubrando sobre un suicidio inducido de un fiscal que decidi\u00f3 interrumpir abruptamente sus vacaciones para venir a presentar una denuncia a la que calificaron de \"endeble\" jur\u00eddicamente. <\/b>\u00a0Si bien no lo dijeron literalmente, es lo que dieron a entender al hablar de un pobre hombre manipulado que se dio cuenta de que lo hab\u00edan utilizado con un fiasco judicial.<\/p>\n<p class=\"ecxMsoNormal\"><b>A los pocos d\u00edas<\/b>, y ante la evoluci\u00f3n de la investigaci\u00f3n sobre la misteriosa muerte, a medida que se fueron revelando detalles e improlijidades de manual por parte de la custodia y las fuerzas de seguridad que intervinieron en un primer momento en la escena de muerte, <b>Cristina decidi\u00f3 cambiar de opini\u00f3n.\u00a0 Dicen que fueron las encuestas lo que le hizo cambiar tan abruptamente de parecer.<\/b>\u00a0 Al segundo d\u00eda de conocerse el fatal desenlace del fiscal, los sondeos mostraban que un 70% de la gente cre\u00eda que al fiscal lo mataron por lo que ten\u00eda que decir el lunes que no fue.<\/p>\n<p class=\"ecxMsoNormal\"><b>A pocas horas de conocida la nueva versi\u00f3n de Cristina, el Partido Justicialista en pleno sali\u00f3 a respaldar a la presidente.\u00a0 \"La jefa no se puede equivocar\".<\/b>\u00a0 <b>Y emitieron un desopilante y rocambolesco documento que podr\u00eda ser objeto de una pel\u00edcula de Hollywood para un thriller de esp\u00edas y acci\u00f3n.<\/b>\u00a0 En el documento, no podr\u00eda haber sido de otra manera<b>, los gobernadores y legisladores justicialistas y m\u00e1ximas autoridades del PJ Nacional, denunciaron una supuesta conspiraci\u00f3n \"golpista medi\u00e1tica judicial\" que pone constantemente en jaque a la gobernabilidad e institucionalidad del pa\u00eds.<\/b>\u00a0 Nada nuevo bajo el sol, pues <b>es algo de lo que han venido hablando durante los \u00faltimos 8 a\u00f1os y hasta ahora jam\u00e1s se han producido pruebas de alg\u00fan club del mal<\/b> integrado por H\u00e9ctor Magnetto, la familia Judicial y resabios de la dictadura que quieren \"voltear al gobierno nacional y popular\".<\/p>\n<p class=\"ecxMsoNormal\"><b>Servil y genuflexamente se han prestado todos estos hombres de cabezas canas a un nuevo mamarracho institucional lanzando acusaciones infundadas y provocando m\u00e1s confusi\u00f3n entre la poblaci\u00f3n en vez de haber hecho un llamado a la calma, manifestado pleno apoyo a la Justicia, y llevado tranquilidad a una poblaci\u00f3n consternada por el reciente magnicidio.<\/b><\/p>\n<p class=\"ecxMsoNormal\">Hace tiempo que desde estas l\u00edneas vengo diciendo que <b>hay una grave falencia en la estrategia comunicacional del gobierno. <\/b>\u00a0<b>Durante a\u00f1os la presidente se ha dedicado a hacer uso y abuso de la cadena nacional,<\/b> haciendo inauguraciones y reinauguraciones de quiosquitos, anunciando rimbombantemente la postura de morir con las botas puestas frente a un imaginario enemigo internacional que no nos deja surgir, disciplinando p\u00fablicamente a los estoicos felpudos que suelen acompa\u00f1arla a pesar del constante ninguneo, o comunicando innecesarios detalles de la vida sexual de la presidente.\u00a0 <b>\u00bfDe qu\u00e9 inter\u00e9s puede resultarle a alguien el hecho de que el fallecido N\u00e9stor Kirchner se pon\u00eda cachondo comiendo cerdo?<\/b><\/p>\n<p class=\"ecxMsoNormal\"><b>La presidente y su entorno han frivolizado hasta el hartazgo el canal de comunicaci\u00f3n extraordinario que tiene el Poder Ejecutivo para comunicar cosas importantes.<\/b>\u00a0 Quiz\u00e1s de poco hubiera servido haber hecho uso de la cadena nacional tras la muerte del fiscal para llevar al Pueblo Argentino un mensaje de tranquilidad, de que la jefa de Estado se pone al frente de los acontecimientos, de plena colaboraci\u00f3n con las autoridades judiciales para la investigaci\u00f3n y esclarecimiento de la luctuosa muerte del fiscal a tan solo un d\u00eda de justificar su denuncia ante el Congreso.\u00a0 <b>Pero no\u2026 la presidente volvi\u00f3 a equivocar la estrategia y volvi\u00f3 a elegir el camino del enfrentamiento, la divisi\u00f3n.\u00a0 Con sus dos cartas solo ha tra\u00eddo m\u00e1s incertidumbre.<\/b><\/p>\n<p class=\"ecxMsoNormal\"><b>Para ser justos y objetivos, cabe mencionar que si bien desde el oficialismo quedaron un tanto descolocados por los cambios de versi\u00f3n de la presidente.\u00a0 No es menos cierto que hubo algunos sectores de la oposici\u00f3n que aprovecharon pol\u00edticamente la muerte del fiscal.\u00a0 Fue el caso puntual de Mauricio Macri quien inmediatamente sali\u00f3 a victimizarse, casi como la presidente, por la causa de las escuchas.\u00a0 De hecho fue el fiscal Nisman quien proces\u00f3 al jefe de Gobierno de la CABA por las escuchas ilegales que involucraron al tristemente c\u00e9lebre \u201cFino\u201d Palacios.<\/b>\u00a0 Desde hace tiempo que el entorno cercano a Macri est\u00e1 preocupado por c\u00f3mo hacer que el jefe \u201czafe\u201d del sambenito que cuelga sobre el por estar procesado.\u00a0 Hace pocos d\u00edas el Juez Casanello deneg\u00f3 un pedido de sobreseimiento para Mauricio Macri en la causa por las escuchas.<\/p>\n<p class=\"ecxMsoNormal\"><b><span style=\"font-size: x-large;\">C\u00d3MO AFECT\u00d3 LA MUERTE DE NISMAN EN LAS ENCUESTAS<\/span><\/b><\/p>\n<p class=\"ecxMsoNormal\">La sospechosa muerte del fiscal especial de la causa AMIA, Alberto Nisman quien imput\u00f3 penalmente a la presidente de la Naci\u00f3n, Crsitina Fern\u00e1ndez de Kirchner, al canciller, H\u00e9ctor Timerman de haber elaborado un plan de encubrimiento criminal a funcionarios iran\u00edes sospechados de haber sido los autores del atentado en la mutual jud\u00eda de 1994 <b>ha verificado un efecto devastador en la imagen de la presidente de la Naci\u00f3n.<\/b><\/p>\n<p class=\"ecxMsoNormal\">De acuerdo con una encuesta realizada para el diario Perfil por la consultora Gonz\u00e1lez y Valladares y la firma iSurveyX.\u00a0 <b>La imagen positiva de la CFK cay\u00f3 cuatro puntos entre diciembre y enero.<\/b>\u00a0 De acuerdo con los consultores el hito de mayor derrumbe se ubica en el pasado lunes, cuando se conoci\u00f3 la muerte de Nisman, fecha en que inici\u00f3 un pronunciado declive en la gr\u00e1fica.\u00a0 <b>Para el 54% de los encuestados la imagen que ten\u00edan de Cristina empeor\u00f3 despu\u00e9s del hecho. Y se mantuvo igual para un 32,6%, lo que se considera el n\u00facleo duro del kirchnerismo.<\/b><\/p>\n<p class=\"ecxMsoNormal\"><b>Este fen\u00f3meno puede observarse claramente en el hecho de que la imagen negativa super\u00f3 los cincuenta puntos aumentando, de un mes a otro, 11 puntos<\/b>.<\/p>\n<p class=\"ecxMsoNormal\"><b>Para una abrumadora mayor\u00eda de los encuestados que ronda el 90%, las acusaciones de Nisman son totalmente ciertas.<\/b>\u00a0 De estos, un gran porcentaje cree que el fin del asesinato \u2013as\u00ed lo definieron\u2013 es encubrir al oficialismo.<\/p>\n<\/div>\n<\/div>\n<\/div>\n<\/div>\n<\/div>\n<\/div>\n<\/div>\n<\/div>\n<\/div>\n<div class=\"v-InboxFooterContainer\">\n<div class=\"c-PageFooter Unselectable\">\n<table class=\"uxp_ftr_control t_fbgc\" cellspacing=\"0\" cellpadding=\"0\">\n<tbody>\n<tr>\n<td class=\"uxp_ftr_left t_lnksi\">\n<ul>\n<li><span id=\"uxp_ftr_link_trademark\">\u00a9 2015 Microsoft<\/span><\/li>\n<li><a id=\"uxp_ftr_link_legal\" tabindex=\"60\" href=\"http:\/\/g.live.com\/8seskydrive\/tou\" target=\"_self\">T\u00e9rminos<\/a><\/li>\n<li><a id=\"uxp_ftr_link_privacy\" tabindex=\"60\" href=\"http:\/\/go.microsoft.com\/fwlink\/p\/?LinkId=253457\" target=\"_self\">Privacidad y cookies<\/a><\/li>\n<li data-jsv=\"#514_\"><a id=\"uxp_ftr_link_developers\" tabindex=\"60\" href=\"http:\/\/g.live.com\/8seskydrive\/dev\" target=\"_self\">Desarrolladores<\/a><\/li>\n<li data-jsv=\"\/514_#515_\"><a tabindex=\"60\" href=\"https:\/\/col128.mail.live.com\/mail\/options.aspx?subsection=12&amp;n=1904192154\" target=\"_self\">Espa\u00f1ol<\/a><\/li>\n<\/ul>\n<\/td>\n<\/tr>\n<\/tbody>\n<\/table>\n<\/div>\n<\/div>\n<\/div>\n<div id=\"RightRailContainer\" class=\"c-RightRail RightRailContainerWidth t_sbgc\"><\/div>\n","protected":false},"excerpt":{"rendered":"<p>Una semana triste y bochornosa para la historia argentina han dejado como saldo a un gobierno nacional bajo sospecha y bajo la lupa de la opini\u00f3n p\u00fablica nacional e internacional. La muerte del fiscal Alberto Nisman suma un nuevo cap\u00edtulo a los 21 a\u00f1os de impunidad en la causa AMIA, y una nueva entrada en [&hellip;]<\/p>\n","protected":false},"author":1,"featured_media":13906,"comment_status":"open","ping_status":"open","sticky":false,"template":"","format":"standard","meta":{"_stopmodifiedupdate":false,"_modified_date":"","inline_featured_image":false,"spay_email":"","jetpack_publicize_message":""},"categories":[2],"tags":[],"jetpack_featured_media_url":"https:\/\/notinor.com\/jujuy\/wp-content\/uploads\/2015\/01\/crisitina.jpg","jetpack_publicize_connections":[],"_links":{"self":[{"href":"https:\/\/notinor.com\/jujuy\/wp-json\/wp\/v2\/posts\/13900"}],"collection":[{"href":"https:\/\/notinor.com\/jujuy\/wp-json\/wp\/v2\/posts"}],"about":[{"href":"https:\/\/notinor.com\/jujuy\/wp-json\/wp\/v2\/types\/post"}],"author":[{"embeddable":true,"href":"https:\/\/notinor.com\/jujuy\/wp-json\/wp\/v2\/users\/1"}],"replies":[{"embeddable":true,"href":"https:\/\/notinor.com\/jujuy\/wp-json\/wp\/v2\/comments?post=13900"}],"version-history":[{"count":1,"href":"https:\/\/notinor.com\/jujuy\/wp-json\/wp\/v2\/posts\/13900\/revisions"}],"predecessor-version":[{"id":13905,"href":"https:\/\/notinor.com\/jujuy\/wp-json\/wp\/v2\/posts\/13900\/revisions\/13905"}],"wp:featuredmedia":[{"embeddable":true,"href":"https:\/\/notinor.com\/jujuy\/wp-json\/wp\/v2\/media\/13906"}],"wp:attachment":[{"href":"https:\/\/notinor.com\/jujuy\/wp-json\/wp\/v2\/media?parent=13900"}],"wp:term":[{"taxonomy":"category","embeddable":true,"href":"https:\/\/notinor.com\/jujuy\/wp-json\/wp\/v2\/categories?post=13900"},{"taxonomy":"post_tag","embeddable":true,"href":"https:\/\/notinor.com\/jujuy\/wp-json\/wp\/v2\/tags?post=13900"}],"curies":[{"name":"wp","href":"https:\/\/api.w.org\/{rel}","templated":true}]}}