{"id":13893,"date":"2015-01-25T23:20:31","date_gmt":"2015-01-26T02:20:31","guid":{"rendered":"http:\/\/notinor.com\/jujuy\/?p=13893"},"modified":"2015-01-25T23:20:31","modified_gmt":"2015-01-26T02:20:31","slug":"frenamos-la-designacion-de-fiscales-amigos-de-gils-garbo","status":"publish","type":"post","link":"https:\/\/notinor.com\/jujuy\/frenamos-la-designacion-de-fiscales-amigos-de-gils-garbo\/","title":{"rendered":"\"Frenamos la designaci\u00f3n de fiscales amigos de Gils Garb\u00f3\""},"content":{"rendered":"<p class=\"ecxMsoNormal\">A prop\u00f3sito, el diputado nacional Sergio Massa destac\u00f3 en declaraciones radiales: \"Ayer dimos un paso importante porque frenamos la designaci\u00f3n de los fiscales amigos de Gils Carb\u00f3, conseguimos que esta precautelar que hab\u00edamos logrado los primeros d\u00edas del a\u00f1o, se transformara en una cautelar definitiva\".<\/p>\n<p class=\"ecxMsoNormal\">\"Esto significa que entre otras, el Juez lo que pide es que para que se puedan designar fiscales debe haber Bicameral. Esto lo prev\u00e9 la Constituci\u00f3n para controlar al Ministerio Publico Fiscal. Es una Bicameral que est\u00e1 prevista en la Constituci\u00f3n y que no se cre\u00f3, y adem\u00e1s hay cuatro leyes de implementaci\u00f3n \u00bfC\u00f3mo vamos a hacer asumir a los fiscales si no tenemos el C\u00f3digo nuevo? \u00bfPor qu\u00e9 los quieren hacer asumir?\", se pregunt\u00f3 Massa.<\/p>\n<p class=\"ecxMsoNormal\">\"Esa idea de tener fiscales amigos investigando para lograr la impunidad ayer se termin\u00f3, porque la justicia les rechaz\u00f3 la posibilidad de poder hacerlo a partir de una presentaci\u00f3n que hicimos. Y esto nos da la posibilidad de avanzar en la Bicameral que controle al Ministerio P\u00fablico Fiscal\", concluy\u00f3 el l\u00edder del Frente Renovador.<\/p>\n","protected":false},"excerpt":{"rendered":"<p>A prop\u00f3sito, el diputado nacional Sergio Massa destac\u00f3 en declaraciones radiales: \"Ayer dimos un paso importante porque frenamos la designaci\u00f3n de los fiscales amigos de Gils Carb\u00f3, conseguimos que esta precautelar que hab\u00edamos logrado los primeros d\u00edas del a\u00f1o, se transformara en una cautelar definitiva\". \"Esto significa que entre otras, el Juez lo que pide [&hellip;]<\/p>\n","protected":false},"author":1,"featured_media":13895,"comment_status":"open","ping_status":"open","sticky":false,"template":"","format":"standard","meta":{"_stopmodifiedupdate":false,"_modified_date":"","inline_featured_image":false,"spay_email":"","jetpack_publicize_message":""},"categories":[5],"tags":[],"jetpack_featured_media_url":"https:\/\/notinor.com\/jujuy\/wp-content\/uploads\/2015\/01\/Massa-3.jpg","jetpack_publicize_connections":[],"_links":{"self":[{"href":"https:\/\/notinor.com\/jujuy\/wp-json\/wp\/v2\/posts\/13893"}],"collection":[{"href":"https:\/\/notinor.com\/jujuy\/wp-json\/wp\/v2\/posts"}],"about":[{"href":"https:\/\/notinor.com\/jujuy\/wp-json\/wp\/v2\/types\/post"}],"author":[{"embeddable":true,"href":"https:\/\/notinor.com\/jujuy\/wp-json\/wp\/v2\/users\/1"}],"replies":[{"embeddable":true,"href":"https:\/\/notinor.com\/jujuy\/wp-json\/wp\/v2\/comments?post=13893"}],"version-history":[{"count":1,"href":"https:\/\/notinor.com\/jujuy\/wp-json\/wp\/v2\/posts\/13893\/revisions"}],"predecessor-version":[{"id":13898,"href":"https:\/\/notinor.com\/jujuy\/wp-json\/wp\/v2\/posts\/13893\/revisions\/13898"}],"wp:featuredmedia":[{"embeddable":true,"href":"https:\/\/notinor.com\/jujuy\/wp-json\/wp\/v2\/media\/13895"}],"wp:attachment":[{"href":"https:\/\/notinor.com\/jujuy\/wp-json\/wp\/v2\/media?parent=13893"}],"wp:term":[{"taxonomy":"category","embeddable":true,"href":"https:\/\/notinor.com\/jujuy\/wp-json\/wp\/v2\/categories?post=13893"},{"taxonomy":"post_tag","embeddable":true,"href":"https:\/\/notinor.com\/jujuy\/wp-json\/wp\/v2\/tags?post=13893"}],"curies":[{"name":"wp","href":"https:\/\/api.w.org\/{rel}","templated":true}]}}