{"id":13890,"date":"2015-01-26T00:00:38","date_gmt":"2015-01-26T03:00:38","guid":{"rendered":"http:\/\/notinor.com\/jujuy\/?p=13890"},"modified":"2015-01-25T23:17:30","modified_gmt":"2015-01-26T02:17:30","slug":"la-cuenta-de-twitter-de-casa-rosada-publica-informacion-privada-de-periodistas","status":"publish","type":"post","link":"https:\/\/notinor.com\/jujuy\/la-cuenta-de-twitter-de-casa-rosada-publica-informacion-privada-de-periodistas\/","title":{"rendered":"La cuenta de twitter de Casa Rosada publica informaci\u00f3n privada de periodistas"},"content":{"rendered":"<p>Dessde hace algunas semanas, la Casa Rosada, la sede de gobierno de la Presidencia de la Naci\u00f3n, realiz\u00f3 un giro sustancial en su pol\u00edtica de comunicaci\u00f3n a trav\u00e9s de las redes sociales: su cuenta de Twitter se ha convertido en un canal de comunicaci\u00f3n pol\u00edtica.<\/p>\n<p>El episodio ocurrido ayer fue, quiz\u00e1s, uno de los m\u00e1s cuestionables, cuando la cuenta @CasaRosadaAR reprodujo y divulg\u00f3 un art\u00edculo de la agencia de noticias T\u00e9lam con informaci\u00f3n privada sobre el periodista Dami\u00e1n Pachter, que abandon\u00f3 el pa\u00eds por temor tras difundir la primicia de la muerte de Alberto Nisman.<\/p>\n<p>La cuenta oficial de la Rosada b\u00e1sicamente suele reproducir (retuitear, en la jerga) art\u00edculos de medios de comunicaci\u00f3n del Estado y oficialistas. Al mismo tiempo tambi\u00e9n dedica tiempo a cuestionar la labor profesional de diario cr\u00edticos a la gesti\u00f3n del Gobierno.<\/p>\n<p>Por ejemplo, en los \u00faltimos d\u00edas ha dedicado posteos a ridiculizar la labor de periodistas cr\u00edticas, cuestionar tapas del diario Clar\u00edn y hasta public\u00f3 fotograf\u00edas de profesionales que escribieron art\u00edculos cr\u00edticos.<\/p>\n<p>Sin embargo, en medio de estas posteos de tinte intimidatorio, la cuenta tambi\u00e9n se permite subir fotos de gente tomando sol en la playa para mostrar el \u00e9xito de la temporada veraniega.<\/p>\n","protected":false},"excerpt":{"rendered":"<p>Dessde hace algunas semanas, la Casa Rosada, la sede de gobierno de la Presidencia de la Naci\u00f3n, realiz\u00f3 un giro sustancial en su pol\u00edtica de comunicaci\u00f3n a trav\u00e9s de las redes sociales: su cuenta de Twitter se ha convertido en un canal de comunicaci\u00f3n pol\u00edtica. El episodio ocurrido ayer fue, quiz\u00e1s, uno de los m\u00e1s [&hellip;]<\/p>\n","protected":false},"author":1,"featured_media":13891,"comment_status":"open","ping_status":"open","sticky":false,"template":"","format":"standard","meta":{"_stopmodifiedupdate":false,"_modified_date":"","inline_featured_image":false,"spay_email":"","jetpack_publicize_message":""},"categories":[5],"tags":[],"jetpack_featured_media_url":"https:\/\/notinor.com\/jujuy\/wp-content\/uploads\/2015\/01\/telam-pachter.jpg","jetpack_publicize_connections":[],"_links":{"self":[{"href":"https:\/\/notinor.com\/jujuy\/wp-json\/wp\/v2\/posts\/13890"}],"collection":[{"href":"https:\/\/notinor.com\/jujuy\/wp-json\/wp\/v2\/posts"}],"about":[{"href":"https:\/\/notinor.com\/jujuy\/wp-json\/wp\/v2\/types\/post"}],"author":[{"embeddable":true,"href":"https:\/\/notinor.com\/jujuy\/wp-json\/wp\/v2\/users\/1"}],"replies":[{"embeddable":true,"href":"https:\/\/notinor.com\/jujuy\/wp-json\/wp\/v2\/comments?post=13890"}],"version-history":[{"count":1,"href":"https:\/\/notinor.com\/jujuy\/wp-json\/wp\/v2\/posts\/13890\/revisions"}],"predecessor-version":[{"id":13892,"href":"https:\/\/notinor.com\/jujuy\/wp-json\/wp\/v2\/posts\/13890\/revisions\/13892"}],"wp:featuredmedia":[{"embeddable":true,"href":"https:\/\/notinor.com\/jujuy\/wp-json\/wp\/v2\/media\/13891"}],"wp:attachment":[{"href":"https:\/\/notinor.com\/jujuy\/wp-json\/wp\/v2\/media?parent=13890"}],"wp:term":[{"taxonomy":"category","embeddable":true,"href":"https:\/\/notinor.com\/jujuy\/wp-json\/wp\/v2\/categories?post=13890"},{"taxonomy":"post_tag","embeddable":true,"href":"https:\/\/notinor.com\/jujuy\/wp-json\/wp\/v2\/tags?post=13890"}],"curies":[{"name":"wp","href":"https:\/\/api.w.org\/{rel}","templated":true}]}}