{"id":138672,"date":"2017-10-05T10:11:45","date_gmt":"2017-10-05T13:11:45","guid":{"rendered":"http:\/\/notinor.com\/jujuy\/?p=138672"},"modified":"2017-10-05T10:12:33","modified_gmt":"2017-10-05T13:12:33","slug":"una-depresion-tropical-podria-provocar-inundaciones-y-aludes-en-america-central-y-llegar-como-huracan-a-estados-unidos","status":"publish","type":"post","link":"https:\/\/notinor.com\/jujuy\/una-depresion-tropical-podria-provocar-inundaciones-y-aludes-en-america-central-y-llegar-como-huracan-a-estados-unidos\/","title":{"rendered":"Una depresi\u00f3n tropical podr\u00eda provocar inundaciones  en Am\u00e9rica Central y llegar como hurac\u00e1n a Estados Unidos"},"content":{"rendered":"<div id=\"f0tLxxzWcbD6xq\">\n<div>\n<header>La depresi\u00f3n tropical diecis\u00e9is podr\u00eda convertirse en tormenta tropical durante la noche del jueves y en en hurac\u00e1n de categor\u00eda uno en los pr\u00f3ximos d\u00edas. Costa Rica y Nicaragua declararon la alerta este mi\u00e9rcoles.<\/header>\n<\/div>\n<\/div>\n<div id=\"fFsvM81WcbD6xq\"><\/div>\n<div id=\"c7bZ002WcbD6xq\">\n<div id=\"f0H4ywiWcbD6xq\">\n<div id=\"article-body\">\n<div id=\"article-content\">\n<div>\n<figure>\n<div>\n<div><\/div>\n<p><img decoding=\"async\" loading=\"lazy\" id=\"KXXINMI65RDTVM426UXTYXPHSU\" class=\"aligncenter\" src=\"https:\/\/www.infobae.com\/new-resizer\/Wcv0BPvw2zMMauLmOPLjxRRPv5w=\/600x0\/filters:quality(100)\/s3.amazonaws.com\/arc-wordpress-client-uploads\/infobae-wp\/wp-content\/uploads\/2017\/10\/05005516\/2017-09-28T223808Z_788828220_RC1FA5C59900_RTRMADP_3_NICARAGUA-FLOODS.jpg\" alt=\"Una calle inundada en Managua, Nicaragua (REUTERS\/Oswaldo Rivas)\" width=\"750\" height=\"479.35714285714283\" data-url=\"http:\/\/www.infobae.com\/america\/america-latina\/2017\/10\/05\/una-depresion-tropical-podria-provocar-inundaciones-y-aludes-en-america-central-y-llegar-como-huracan-a-estados-unidos\/%23KXXINMI65RDTVM426UXTYXPHSU\" data-original=\"https:\/\/www.infobae.com\/new-resizer\/Wcv0BPvw2zMMauLmOPLjxRRPv5w=\/600x0\/filters:quality(100)\/s3.amazonaws.com\/arc-wordpress-client-uploads\/infobae-wp\/wp-content\/uploads\/2017\/10\/05005516\/2017-09-28T223808Z_788828220_RC1FA5C59900_RTRMADP_3_NICARAGUA-FLOODS.jpg\" \/><\/p>\n<\/div><figcaption>Una calle inundada en Managua, Nicaragua (REUTERS\/Oswaldo Rivas)<\/figcaption><\/figure>\n<\/div>\n<div>\n<div>\n<p>Una nueva depresi\u00f3n tropical que se desarrolla en la parte baja del Golfo de M\u00e9xico\u00a0podr\u00eda provocar inundaciones repentinas y aludes potencialmente mortales en partes de Am\u00e9rica Central, inform\u00f3 el mi\u00e9rcoles el Centro Nacional de Huracanes de Estados Unidos.<\/p>\n<\/div>\n<\/div>\n<div>\n<div>\n<p>\"La depresi\u00f3n podr\u00eda estar acerc\u00e1ndose a la costa de Nicaragua el jueves temprano, moverse a trav\u00e9s del nordeste de Nicaragua y el este de Honduras m\u00e1s tarde ese mismo d\u00eda, y surgir el viernes en la porci\u00f3n noroeste del Mar Caribe\", dijo el centro meteorol\u00f3gico con sede en Miami.<\/p>\n<\/div>\n<\/div>\n<div>\n<div>\n<p>La\u00a0depresi\u00f3n tropical 16\u00a0estaba ubicada unos\u00a0155\u00a0 kil\u00f3metros al sudeste de Puerto Cabezas, con vientos m\u00e1ximos sostenidos de 55 kil\u00f3metros por hora.\u00a0Podr\u00eda convertirse en tormenta tropical\u00a0-adquiriendo as\u00ed\u00a0un nombre-durante la noche, y en\u00a0en hurac\u00e1n de categor\u00eda uno en los pr\u00f3ximos d\u00edas, azotando la pen\u00ednsula mexicana del Yucat\u00e1n y tocando tierra el domingo en la costa norte de Florida, o en los estados de\u00a0Alabama\u00a0o\u00a0Mississippi.<\/p>\n<\/div>\n<\/div>\n<div>\n<figure>\n<div>\n<div><\/div>\n<p><img decoding=\"async\" loading=\"lazy\" id=\"W4DOY6ATSJGPDNNGE63M6NYBH4\" class=\"aligncenter\" src=\"https:\/\/www.infobae.com\/new-resizer\/9jEROmeiq-AEpKxC1GGMRSlXE0s=\/600x0\/filters:quality(100)\/s3.amazonaws.com\/arc-wordpress-client-uploads\/infobae-wp\/wp-content\/uploads\/2017\/10\/05005645\/tormenta-16-bulet%C3%ADn-11-pm-mi%C3%A9rcoles-4-de-octubre.png\" alt=\"El recorrido posible de la tormenta 16. Bolet\u00edn de las 11 pm, mi\u00e9rcoles 5 de octubre (Centro Nacional de Huracanes)\" width=\"750\" height=\"615.3846153846154\" data-url=\"http:\/\/www.infobae.com\/america\/america-latina\/2017\/10\/05\/una-depresion-tropical-podria-provocar-inundaciones-y-aludes-en-america-central-y-llegar-como-huracan-a-estados-unidos\/%23W4DOY6ATSJGPDNNGE63M6NYBH4\" data-original=\"https:\/\/www.infobae.com\/new-resizer\/9jEROmeiq-AEpKxC1GGMRSlXE0s=\/600x0\/filters:quality(100)\/s3.amazonaws.com\/arc-wordpress-client-uploads\/infobae-wp\/wp-content\/uploads\/2017\/10\/05005645\/tormenta-16-bulet%C3%ADn-11-pm-mi%C3%A9rcoles-4-de-octubre.png\" \/><\/p>\n<\/div><figcaption>El recorrido posible de la tormenta 16. Bolet\u00edn de las 11 pm, mi\u00e9rcoles 5 de octubre (Centro Nacional de Huracanes)<\/figcaption><\/figure>\n<\/div>\n<div>\n<div id=\"\">\n<div id=\"inline\" data-slot-name=\"inline\" data-mobile-display=\"true\" data-desktop-display=\"true\" data-google-query-id=\"CM7Ri5nB2dYCFQQPkQodfkAHqQ\">\n<div><\/div>\n<div id=\"google_ads_iframe_\/1058609\/america\/america_latina\/nota\/inline_0__container__\"><iframe id=\"google_ads_iframe_\/1058609\/america\/america_latina\/nota\/inline_0\" title=\"3rd party ad content\" name=\"google_ads_iframe_\/1058609\/america\/america_latina\/nota\/inline_0\" width=\"1\" height=\"1\" frameborder=\"0\" marginwidth=\"0\" marginheight=\"0\" scrolling=\"no\"><\/iframe><\/div>\n<\/div>\n<div><\/div>\n<\/div>\n<div>\n<p>Costa Rica y Nicaragua declararon\u00a0la alerta este mi\u00e9rcoles,\u00a0con\u00a0las autoridades de\u00a0\u00a0Managua que ordenaron\u00a0evacuar a unos 800 ind\u00edgenas que viven en los Cayos Misquitos.<\/p>\n<\/div>\n<\/div>\n<div>\n<div>\n<p>El\u00a0Instituto Nicarag\u00fcense de Estudios Territoriales\u00a0(Inerte) inform\u00f3 que la depresi\u00f3n \"estar\u00e1 acompa\u00f1ada de marejadas que pondr\u00e1n en riesgo las comunidades del litoral e islas del Caribe, as\u00ed como los cayos Misquitos y las actividades pesqueras\".<\/p>\n<\/div>\n<\/div>\n<div>\n<div>\n<p>Los aguaceros dejaron\u00a0un muerto el martes en Nicaragua, cuando\u00a0un hombre de 29 a\u00f1os que viajaba en una camioneta fue arrastrado por la corriente de un r\u00edo\u00a0en el departamento oriental de Chontales, inform\u00f3 este mi\u00e9rcoles la vicepresidenta y portavoz oficial Rosario Murillo.<\/p>\n<\/div>\n<\/div>\n<div>\n<div>\n<p>En tanto este mi\u00e9rcoles,\u00a0tres funcionarios de la salud que hab\u00edan sido movilizados por la alerta desaparecieron luego que la camioneta en la que viajaban cay\u00f3 en un cauce\u00a0al cruzar un puente en la ciudad de Juigalpa, en Chontales, anunci\u00f3 Murillo horas despu\u00e9s.<\/p>\n<\/div>\n<\/div>\n<div>\n<div>\n<p>Uno de los desaparecidos es la directora del Centro de Salud del municipio de Santo Domingo del departamento de Chontales, Rosa Bravo.<\/p>\n<\/div>\n<\/div>\n<div>\n<div>\n<p>En\u00a0Costa Rica el presidente Luis Guillermo Sol\u00eds\u00a0se reuni\u00f3 con los jefes de los organismos de emergencias y meteorolog\u00eda\u00a0para analizar el posible impacto del fen\u00f3meno clim\u00e1tico,que amenaza con lluvias intensas para mi\u00e9rcoles y jueves.<\/p>\n<\/div>\n<\/div>\n<div>\n<div>\n<p>\"Quiero hacer un llamado al pa\u00eds a extremar las medidas y que esto nos permita evitar v\u00edctimas mortales\", declar\u00f3 Sol\u00eds a la prensa tras el encuentro.<\/p>\n<\/div>\n<\/div>\n<div>\n<div>\n<p>La Comisi\u00f3n Nacional de Emergencia (CNE) de\u00a0Costa Rica declar\u00f3 este mi\u00e9rcoles alerta roja (m\u00e1xima) en la mayor parte del territorio,\u00a0incluido el litoral Pac\u00edfico y el centro del pa\u00eds, ante el riesgo de que el mal tiempo afecte vidas humanas, tendido el\u00e9ctrico, carreteras y viviendas.<\/p>\n<\/div>\n<\/div>\n<div>\n<div>\n<p>El gobierno nicarag\u00fcense activ\u00f3 los cuerpos de socorro, entre ellos la\u00a0Defensa Civil del Ej\u00e9rcito, e inst\u00f3 a empleados p\u00fablicos a estar listos para apoyar a la poblaci\u00f3n en caso de una emergencia.<\/p>\n<\/div>\n<\/div>\n<div>\n<div>\n<p>El sistema podr\u00eda provocar un incremento en el oleaje en la costa del Pac\u00edfico, adem\u00e1s de intensificar las lluvias, que desde el 21 de septiembre han causado m\u00e1s de un millar de incidentes de deslaves e inundaciones en Costa Rica, seg\u00fan Iv\u00e1n Brenes, director de la CNE.<\/p>\n<\/div>\n<\/div>\n<div>\n<div>\n<p>Septiembre y octubre son tradicionalmente los meses m\u00e1s lluviosos del a\u00f1o en Centroam\u00e9rica, y marcan el final de la temporada de lluvias en la regi\u00f3n.<\/p>\n<\/div>\n<\/div>\n<div>\n<div>\n<p>(Con informaci\u00f3n de\u00a0Reuters\u00a0y\u00a0AFP)<\/p>\n<\/div>\n<\/div>\n<\/div>\n<\/div>\n<\/div>\n<\/div>\n","protected":false},"excerpt":{"rendered":"<p>La depresi\u00f3n tropical diecis\u00e9is podr\u00eda convertirse en tormenta tropical durante la noche del jueves y en en hurac\u00e1n de categor\u00eda uno en los pr\u00f3ximos d\u00edas. Costa Rica y Nicaragua declararon la alerta este mi\u00e9rcoles. Una calle inundada en Managua, Nicaragua (REUTERS\/Oswaldo Rivas) Una nueva depresi\u00f3n tropical que se desarrolla en la parte baja del Golfo [&hellip;]<\/p>\n","protected":false},"author":1,"featured_media":138673,"comment_status":"open","ping_status":"open","sticky":false,"template":"","format":"standard","meta":{"_stopmodifiedupdate":false,"_modified_date":"","inline_featured_image":false,"spay_email":"","jetpack_publicize_message":""},"categories":[6],"tags":[],"jetpack_featured_media_url":"https:\/\/notinor.com\/jujuy\/wp-content\/uploads\/2017\/10\/14.png","jetpack_publicize_connections":[],"_links":{"self":[{"href":"https:\/\/notinor.com\/jujuy\/wp-json\/wp\/v2\/posts\/138672"}],"collection":[{"href":"https:\/\/notinor.com\/jujuy\/wp-json\/wp\/v2\/posts"}],"about":[{"href":"https:\/\/notinor.com\/jujuy\/wp-json\/wp\/v2\/types\/post"}],"author":[{"embeddable":true,"href":"https:\/\/notinor.com\/jujuy\/wp-json\/wp\/v2\/users\/1"}],"replies":[{"embeddable":true,"href":"https:\/\/notinor.com\/jujuy\/wp-json\/wp\/v2\/comments?post=138672"}],"version-history":[{"count":2,"href":"https:\/\/notinor.com\/jujuy\/wp-json\/wp\/v2\/posts\/138672\/revisions"}],"predecessor-version":[{"id":138676,"href":"https:\/\/notinor.com\/jujuy\/wp-json\/wp\/v2\/posts\/138672\/revisions\/138676"}],"wp:featuredmedia":[{"embeddable":true,"href":"https:\/\/notinor.com\/jujuy\/wp-json\/wp\/v2\/media\/138673"}],"wp:attachment":[{"href":"https:\/\/notinor.com\/jujuy\/wp-json\/wp\/v2\/media?parent=138672"}],"wp:term":[{"taxonomy":"category","embeddable":true,"href":"https:\/\/notinor.com\/jujuy\/wp-json\/wp\/v2\/categories?post=138672"},{"taxonomy":"post_tag","embeddable":true,"href":"https:\/\/notinor.com\/jujuy\/wp-json\/wp\/v2\/tags?post=138672"}],"curies":[{"name":"wp","href":"https:\/\/api.w.org\/{rel}","templated":true}]}}