{"id":13863,"date":"2015-01-25T12:56:35","date_gmt":"2015-01-25T15:56:35","guid":{"rendered":"http:\/\/notinor.com\/jujuy\/?p=13863"},"modified":"2015-01-25T12:56:35","modified_gmt":"2015-01-25T15:56:35","slug":"racing-enfrenta-a-velez-por-la-copa-ciudad-de-mar-del-plata","status":"publish","type":"post","link":"https:\/\/notinor.com\/jujuy\/racing-enfrenta-a-velez-por-la-copa-ciudad-de-mar-del-plata\/","title":{"rendered":"Racing enfrenta a v\u00e9lez por la copa ciudad de mar del plata"},"content":{"rendered":"<p>La Academia, \u00faltimo campe\u00f3n del f\u00fatbol argentino, intentar\u00e1 alzar su primera copa en 2015 cuando se enfrente con El Fortinero en la tercera y \u00faltima fecha del triangular amistoso, que tambi\u00e9n cont\u00f3 con la participaci\u00f3n de Boca Juniors.<\/p>\n<p>El partido se jugar\u00e1 en el estadio \"Jos\u00e9 Mar\u00eda Minella\" desde las 22.10 con arbitraje de Sa\u00fal Laverni y al conjunto de Avellaneda le bastar\u00e1 con un empate para conseguir el objetivo.<\/p>\n<p>Es que el contundente triunfo frente a Boca por 4 a 1, en la jornada inaugural, le otorg\u00f3 esa ventaja a \"La Academia\", que suma 3 puntos contra uno de V\u00e9lez, que igual\u00f3 2-2 frente a los \"xeneizes\" en la segunda jornada.<\/p>\n<p>Por diferentes razones, los t\u00e9cnicos de ambos equipos guardar\u00e1n sus mejores futbolistas y ubicar\u00e1n una formaci\u00f3n compuesta por mayor\u00eda de suplentes.<\/p>\n<p>El DT velezano Miguel Angel Russo as\u00ed lo determin\u00f3 para priorizar a los titulares de cara al encuentro fundamental del pr\u00f3ximo mi\u00e9rcoles ante Boca para definir la clasificaci\u00f3n a la edici\u00f3n 2015 de la Copa Libertadores.<\/p>\n<p>Ni siquiera estar\u00e1n Leandro Des\u00e1bato ni Milton Caraglio, como s\u00ed ocurri\u00f3 el martes pasado ante los Boca, y tampoco se le dar\u00e1 rodaje a los tres incorporados Hern\u00e1n Pellerano, Leandro Somoza y Mariano Pavone.<\/p>\n<p>Por su lado, el entrenador de Racing, Diego Cocca, tambi\u00e9n opt\u00f3 por conformar una formaci\u00f3n alternativa, de acuerdo con lo que mostr\u00f3 en los dos \u00faltimos entrenamientos. Su intenci\u00f3n es dotar de ritmo futbol\u00edstico a todo el plantel frente a la triple competencia que asumir\u00e1 en el primer semestre con el Campeonato de Primera Divisi\u00f3n, la Libertadores y la Copa Argentina.<\/p>\n<p>= Probables formaciones =<\/p>\n<p>Racing: Nelson Ib\u00e1\u00f1ez; Gast\u00f3n D\u00edaz, Pablo Alvarado, Nicol\u00e1s S\u00e1nchez y Germ\u00e1n Voboril; Facundo Castill\u00f3n, Ezequiel Videla, Nelson Acevedo y Marcos Acu\u00f1a; Brian Fern\u00e1ndez y Facundo Castro. DT: Diego Cocca.<\/p>\n<p>V\u00e9lez Sarsfield: Alan Aguerre; Mat\u00edas P\u00e9rez Acu\u00f1a, Emiliano Amor, Lautaro Giannetti y Eric Jer\u00e9z; Mateo Ram\u00edrez, Emanuel Lucero, Germ\u00e1n Ferreyra y Leonardo Villalba; Roberto Nanni y Federico V\u00e1zquez. DT: Miguel Angel Russo.<\/p>\n<p>\u00c1rbitro: Sa\u00fal Laverni.<\/p>\n<p>Estadio: \"Jos\u00e9 Mar\u00eda Minella\" de Mar del Plata.<\/p>\n<p>Hora de inicio: 22.10 (Fox Sports).<\/p>\n","protected":false},"excerpt":{"rendered":"<p>La Academia, \u00faltimo campe\u00f3n del f\u00fatbol argentino, intentar\u00e1 alzar su primera copa en 2015 cuando se enfrente con El Fortinero en la tercera y \u00faltima fecha del triangular amistoso, que tambi\u00e9n cont\u00f3 con la participaci\u00f3n de Boca Juniors. El partido se jugar\u00e1 en el estadio \"Jos\u00e9 Mar\u00eda Minella\" desde las 22.10 con arbitraje de Sa\u00fal [&hellip;]<\/p>\n","protected":false},"author":1,"featured_media":13864,"comment_status":"open","ping_status":"open","sticky":false,"template":"","format":"standard","meta":{"_stopmodifiedupdate":false,"_modified_date":"","inline_featured_image":false,"spay_email":"","jetpack_publicize_message":""},"categories":[7],"tags":[],"jetpack_featured_media_url":"https:\/\/notinor.com\/jujuy\/wp-content\/uploads\/2015\/01\/racing.jpg","jetpack_publicize_connections":[],"_links":{"self":[{"href":"https:\/\/notinor.com\/jujuy\/wp-json\/wp\/v2\/posts\/13863"}],"collection":[{"href":"https:\/\/notinor.com\/jujuy\/wp-json\/wp\/v2\/posts"}],"about":[{"href":"https:\/\/notinor.com\/jujuy\/wp-json\/wp\/v2\/types\/post"}],"author":[{"embeddable":true,"href":"https:\/\/notinor.com\/jujuy\/wp-json\/wp\/v2\/users\/1"}],"replies":[{"embeddable":true,"href":"https:\/\/notinor.com\/jujuy\/wp-json\/wp\/v2\/comments?post=13863"}],"version-history":[{"count":1,"href":"https:\/\/notinor.com\/jujuy\/wp-json\/wp\/v2\/posts\/13863\/revisions"}],"predecessor-version":[{"id":13865,"href":"https:\/\/notinor.com\/jujuy\/wp-json\/wp\/v2\/posts\/13863\/revisions\/13865"}],"wp:featuredmedia":[{"embeddable":true,"href":"https:\/\/notinor.com\/jujuy\/wp-json\/wp\/v2\/media\/13864"}],"wp:attachment":[{"href":"https:\/\/notinor.com\/jujuy\/wp-json\/wp\/v2\/media?parent=13863"}],"wp:term":[{"taxonomy":"category","embeddable":true,"href":"https:\/\/notinor.com\/jujuy\/wp-json\/wp\/v2\/categories?post=13863"},{"taxonomy":"post_tag","embeddable":true,"href":"https:\/\/notinor.com\/jujuy\/wp-json\/wp\/v2\/tags?post=13863"}],"curies":[{"name":"wp","href":"https:\/\/api.w.org\/{rel}","templated":true}]}}