{"id":13830,"date":"2015-01-25T09:11:17","date_gmt":"2015-01-25T12:11:17","guid":{"rendered":"http:\/\/notinor.com\/jujuy\/?p=13830"},"modified":"2015-01-25T09:11:17","modified_gmt":"2015-01-25T12:11:17","slug":"trabajan-en-desagues-en-monterrico","status":"publish","type":"post","link":"https:\/\/notinor.com\/jujuy\/trabajan-en-desagues-en-monterrico\/","title":{"rendered":"Trabajan en desagues en Monterrico"},"content":{"rendered":"<p>Ya se instal\u00f3 un ca\u00f1o de grandes dimensiones en un sector del barrio y en los pr\u00f3ximo d\u00edas se instalar\u00e1 otro para garantizar que en las zonas bajas el agua no circule por calles del barrio.<\/p>\n<p>Miguel Consultti, Secretario de Obras P\u00fablicas del municipio, dijo que estas laborares se realizan a ritmo vertiginoso con la finalidad de que las inundaciones no se repitan durante las pr\u00f3ximas lluvias. Tambi\u00e9n aclar\u00f3 que el problema esto se debe a la gran cantidad de agua que desciende de fincas aleda\u00f1as, y que con una buena canalizaci\u00f3n se evitaran estos problemas.<\/p>\n","protected":false},"excerpt":{"rendered":"<p>Ya se instal\u00f3 un ca\u00f1o de grandes dimensiones en un sector del barrio y en los pr\u00f3ximo d\u00edas se instalar\u00e1 otro para garantizar que en las zonas bajas el agua no circule por calles del barrio. Miguel Consultti, Secretario de Obras P\u00fablicas del municipio, dijo que estas laborares se realizan a ritmo vertiginoso con la [&hellip;]<\/p>\n","protected":false},"author":1,"featured_media":13831,"comment_status":"open","ping_status":"open","sticky":false,"template":"","format":"standard","meta":{"_stopmodifiedupdate":false,"_modified_date":"","inline_featured_image":false,"spay_email":"","jetpack_publicize_message":""},"categories":[490],"tags":[],"jetpack_featured_media_url":"https:\/\/notinor.com\/jujuy\/wp-content\/uploads\/2015\/01\/Desagues-de-la-Ovejeria-500x320.jpg","jetpack_publicize_connections":[],"_links":{"self":[{"href":"https:\/\/notinor.com\/jujuy\/wp-json\/wp\/v2\/posts\/13830"}],"collection":[{"href":"https:\/\/notinor.com\/jujuy\/wp-json\/wp\/v2\/posts"}],"about":[{"href":"https:\/\/notinor.com\/jujuy\/wp-json\/wp\/v2\/types\/post"}],"author":[{"embeddable":true,"href":"https:\/\/notinor.com\/jujuy\/wp-json\/wp\/v2\/users\/1"}],"replies":[{"embeddable":true,"href":"https:\/\/notinor.com\/jujuy\/wp-json\/wp\/v2\/comments?post=13830"}],"version-history":[{"count":1,"href":"https:\/\/notinor.com\/jujuy\/wp-json\/wp\/v2\/posts\/13830\/revisions"}],"predecessor-version":[{"id":13832,"href":"https:\/\/notinor.com\/jujuy\/wp-json\/wp\/v2\/posts\/13830\/revisions\/13832"}],"wp:featuredmedia":[{"embeddable":true,"href":"https:\/\/notinor.com\/jujuy\/wp-json\/wp\/v2\/media\/13831"}],"wp:attachment":[{"href":"https:\/\/notinor.com\/jujuy\/wp-json\/wp\/v2\/media?parent=13830"}],"wp:term":[{"taxonomy":"category","embeddable":true,"href":"https:\/\/notinor.com\/jujuy\/wp-json\/wp\/v2\/categories?post=13830"},{"taxonomy":"post_tag","embeddable":true,"href":"https:\/\/notinor.com\/jujuy\/wp-json\/wp\/v2\/tags?post=13830"}],"curies":[{"name":"wp","href":"https:\/\/api.w.org\/{rel}","templated":true}]}}