{"id":13794,"date":"2015-01-25T00:08:21","date_gmt":"2015-01-25T03:08:21","guid":{"rendered":"http:\/\/notinor.com\/jujuy\/?p=13794"},"modified":"2015-01-24T21:11:12","modified_gmt":"2015-01-25T00:11:12","slug":"obras-de-pavimentacion-sobre-avenida-pasteur","status":"publish","type":"post","link":"https:\/\/notinor.com\/jujuy\/obras-de-pavimentacion-sobre-avenida-pasteur\/","title":{"rendered":"Obras de pavimentaci\u00f3n sobre Avenida Pasteur"},"content":{"rendered":"<p>Sobre avenida Pasteur de barrio los Perales se procedi\u00f3 a la verificaci\u00f3n por parte de autoridades de la Municipalidad de San Salvador de Jujuy de la obra de pavimentaci\u00f3n de dicha avenida.<\/p>\n<p>Asistieron al control el subsecretario de Obras\u00a0 P\u00fablicas de la Municipalidad de San Salvador de Jujuy, Arquitecto Ramiro Tejeda\u00a0 acompa\u00f1ado por el arquitecto Bustos, coordinador general de obras p\u00fablicas del Municipio.<\/p>\n<p>Dijo el arquitecto\u00a0 Tejeda \u201cEstamos con tareas de perfilados y control de niveles de cord\u00f3n cuneta para ir avanzando en la construcci\u00f3n de esta importante avenida que va a permitir mejorar el tr\u00e1nsito para los vecinos\u201d<\/p>\n<p>Sobre el tema tambi\u00e9n hablo el Arquitecto Bustos quien manifest\u00f3 \u201cSe pavimento desde calle D\u00e1valos hasta Rawson donde el trabajo ya est\u00e1 terminado\u201d y continu\u00f3 \u201cEstamos verificando en esta visita la pr\u00f3xima ubicaci\u00f3n de retardadores, badenes, curvas para ir avanzando en todo lo que es obra p\u00fablica en esta pavimentaci\u00f3n\u201d.<\/p>\n<p>Cabe destacar por \u00faltimo que esta obra se enmarca en el plan Mas Cerca, y se trabaja constantemente en la verificaci\u00f3n de la obra \u00a0para poder ir generando la culminaci\u00f3n de esta pavimentaci\u00f3n que va a generar una mejora sustancial para los vecinos de este sector.<\/p>\n","protected":false},"excerpt":{"rendered":"<p>Sobre avenida Pasteur de barrio los Perales se procedi\u00f3 a la verificaci\u00f3n por parte de autoridades de la Municipalidad de San Salvador de Jujuy de la obra de pavimentaci\u00f3n de dicha avenida. Asistieron al control el subsecretario de Obras\u00a0 P\u00fablicas de la Municipalidad de San Salvador de Jujuy, Arquitecto Ramiro Tejeda\u00a0 acompa\u00f1ado por el arquitecto [&hellip;]<\/p>\n","protected":false},"author":1,"featured_media":13797,"comment_status":"open","ping_status":"open","sticky":false,"template":"","format":"standard","meta":{"_stopmodifiedupdate":false,"_modified_date":"","inline_featured_image":false,"spay_email":"","jetpack_publicize_message":""},"categories":[2],"tags":[],"jetpack_featured_media_url":"https:\/\/notinor.com\/jujuy\/wp-content\/uploads\/2015\/01\/control-avenida-barrios-los-perales.jpg","jetpack_publicize_connections":[],"_links":{"self":[{"href":"https:\/\/notinor.com\/jujuy\/wp-json\/wp\/v2\/posts\/13794"}],"collection":[{"href":"https:\/\/notinor.com\/jujuy\/wp-json\/wp\/v2\/posts"}],"about":[{"href":"https:\/\/notinor.com\/jujuy\/wp-json\/wp\/v2\/types\/post"}],"author":[{"embeddable":true,"href":"https:\/\/notinor.com\/jujuy\/wp-json\/wp\/v2\/users\/1"}],"replies":[{"embeddable":true,"href":"https:\/\/notinor.com\/jujuy\/wp-json\/wp\/v2\/comments?post=13794"}],"version-history":[{"count":1,"href":"https:\/\/notinor.com\/jujuy\/wp-json\/wp\/v2\/posts\/13794\/revisions"}],"predecessor-version":[{"id":13798,"href":"https:\/\/notinor.com\/jujuy\/wp-json\/wp\/v2\/posts\/13794\/revisions\/13798"}],"wp:featuredmedia":[{"embeddable":true,"href":"https:\/\/notinor.com\/jujuy\/wp-json\/wp\/v2\/media\/13797"}],"wp:attachment":[{"href":"https:\/\/notinor.com\/jujuy\/wp-json\/wp\/v2\/media?parent=13794"}],"wp:term":[{"taxonomy":"category","embeddable":true,"href":"https:\/\/notinor.com\/jujuy\/wp-json\/wp\/v2\/categories?post=13794"},{"taxonomy":"post_tag","embeddable":true,"href":"https:\/\/notinor.com\/jujuy\/wp-json\/wp\/v2\/tags?post=13794"}],"curies":[{"name":"wp","href":"https:\/\/api.w.org\/{rel}","templated":true}]}}