{"id":137918,"date":"2017-09-29T00:04:04","date_gmt":"2017-09-29T03:04:04","guid":{"rendered":"http:\/\/notinor.com\/jujuy\/?p=137918"},"modified":"2017-09-30T15:37:09","modified_gmt":"2017-09-30T18:37:09","slug":"revocaron-la-prision-domiciliaria-de-milagro-sala-su-defensa-buscara-que-no-se-haga-efectiva","status":"publish","type":"post","link":"https:\/\/notinor.com\/jujuy\/revocaron-la-prision-domiciliaria-de-milagro-sala-su-defensa-buscara-que-no-se-haga-efectiva\/","title":{"rendered":"Milagro Sala: Revocaci\u00f3n de la domiciliaria, burlas y acusaciones al Gobernador Morales"},"content":{"rendered":"<p>&nbsp;<\/p>\n<p>Hasta el momento no se conoce informaci\u00f3n oficial, judicial,\u00a0 de los motivos por los que se decidi\u00f3 quitarle el beneficio a Sala.<\/p>\n<p>Seg\u00fan fuentes cercanas a la defensa de Milagro Sala el traslado al penal\u00a0 no se har\u00eda efectivo debido a que la defensa presentar\u00e1 un recurso de efecto suspensivo.<\/p>\n<p><a href=\"http:\/\/notinor.com\/jujuy\/wp-content\/uploads\/2017\/07\/milagro-sala.jpg\"><img decoding=\"async\" loading=\"lazy\" class=\"wp-image-128766 size-full aligncenter\" src=\"http:\/\/notinor.com\/jujuy\/wp-content\/uploads\/2017\/07\/milagro-sala.jpg\" alt=\"milagro sala\" width=\"600\" height=\"337\" srcset=\"https:\/\/notinor.com\/jujuy\/wp-content\/uploads\/2017\/07\/milagro-sala.jpg 600w, https:\/\/notinor.com\/jujuy\/wp-content\/uploads\/2017\/07\/milagro-sala-300x169.jpg 300w, https:\/\/notinor.com\/jujuy\/wp-content\/uploads\/2017\/07\/milagro-sala-199x112.jpg 199w\" sizes=\"(max-width: 600px) 100vw, 600px\" \/><\/a><\/p>\n<p>La defensa de la l\u00edder Tupaquera fue notificada reci\u00e9n a las 19hs del \u00a0d\u00eda viernes sin todav\u00eda conocer los fundamentos de la resoluci\u00f3n firmada por los jueces N\u00e9stor Hugo Paolini, Gloria Mar\u00eda Mercedes del Portal y Emilio Carlos Cattan.<\/p>\n<p>Dicha resoluci\u00f3n \u201crevoca in totum la prisi\u00f3n domiciliaria de Milagro Sala\u201d dictada por los jueces Gast\u00f3n Mercau y Pablo Pullen Llermanos y dispondr\u00eda el reingreso de la diputada del Parlasur a la Unidad 3 del Servicio Penitenciario de Alto Comedero.<\/p>\n<p>La defensa de Sala, seg\u00fan un comunicado, esgrimi\u00f3 que \u201cseg\u00fan el art\u00edculo 165 del C\u00f3digo Procesal Penal de Jujuy, los actos procesales deben cumplirse en d\u00edas y horas h\u00e1biles. En caso de necesidad, el tribunal podr\u00e1 habilitarlos\u201d, pero en la resoluci\u00f3n emitida, no se establece una habilitaci\u00f3n especial a tal fin.<\/p>\n<p>&nbsp;<\/p>\n<p><strong>Milaro sobre su vuelta al penal<\/strong><\/p>\n<p>La l\u00edder de la Tupaquera, Milagro Sala acus\u00f3 al gobernador Gerardo Morales de \"querer ponerle una mordaza\" y juzg\u00f3 que\u00a0la resoluci\u00f3n de la C\u00e1mara de Apelaciones de Jujuy, que revoc\u00f3 su prisi\u00f3n domiciliaria, \"viola\" la resoluci\u00f3n de la Comisi\u00f3n Interamericana de Derechos Humanos (CIDH).<\/p>\n<div class=\"main-content-block\">\n<div class=\"main-box clearfix\">\n<div class=\"wrapper-main-section clearfix\">\n<div class=\"wrapper-editable-content\">\n<div class=\"editable-content clearfix\"><a href=\"http:\/\/notinor.com\/jujuy\/wp-content\/uploads\/2017\/09\/milagro-sala-1.jpg\"><img decoding=\"async\" loading=\"lazy\" class=\"alignnone wp-image-137924 size-large\" src=\"http:\/\/notinor.com\/jujuy\/wp-content\/uploads\/2017\/09\/milagro-sala-1-800x450.jpg\" alt=\"milagro sala 1\" width=\"800\" height=\"450\" srcset=\"https:\/\/notinor.com\/jujuy\/wp-content\/uploads\/2017\/09\/milagro-sala-1-800x450.jpg 800w, https:\/\/notinor.com\/jujuy\/wp-content\/uploads\/2017\/09\/milagro-sala-1-300x169.jpg 300w, https:\/\/notinor.com\/jujuy\/wp-content\/uploads\/2017\/09\/milagro-sala-1-199x112.jpg 199w, https:\/\/notinor.com\/jujuy\/wp-content\/uploads\/2017\/09\/milagro-sala-1.jpg 1920w\" sizes=\"(max-width: 800px) 100vw, 800px\" \/><\/a><br \/>\n\"Gerardo Morales me quiere poner una mordaza\", afirm\u00f3 Salas y agreg\u00f3 que en \"Jujuy se est\u00e1 apretando a mucha gente\" y que \"se provoca miedo en la sociedad\".En declaraciones a C5N desde la residencia donde guarda arresto domiciliario en Jujuy, Sala consider\u00f3 que con la resoluci\u00f3n de la C\u00e1mara de Apelaciones de esa provincia se \"est\u00e1 violando la resoluci\u00f3n de la CIDH\", que dispuso que se modificaran las condiciones de detenci\u00f3n de Sala y en raz\u00f3n de lo cual la dirigente hab\u00eda sido trasladada a su domicilio de la localidad de El Carmen a cumplir prisi\u00f3n preventiva.\"Lo que me est\u00e1n haciendo es muy grave\", remarc\u00f3 la dirigente social y agreg\u00f3 que en caso de tener que regresar al penal de Alto Comedero, \"Gerardo Morales tendr\u00e1 que hacerse responsable de lo que me pase. Mis compa\u00f1eras presas pol\u00edticas han sido atropelladas en el penal y apretadas judicialmente\".<\/div>\n<\/div>\n<\/div>\n<\/div>\n<\/div>\n<p>&nbsp;<\/p>\n<p><strong>Los elocuentes no tardaron en hacerse ver...<\/strong><\/p>\n<p>Durante la madrugada comenz\u00f3 a circular en las redes sociales y cadenas de whatsapp una imagen de bienvenida a Milagro Sala plasmada en un pasacalle ubicado estrat\u00e9gicamente debajo del cartel identificatorio del penal N\u00b0 3 de Alto Comedero.<\/p>\n<p>Se tratan, claro, de los sectores que celebran la vuelta al penal de Milagro Sala. La ciudadan\u00eda casi sin remedio se iba acostumbrando a saber de Milagro pr\u00e1cticamente a diario a sus comentarios y apariciones en la web.<\/p>\n<p>Lo cierto es que la \"Bienvenida\" no se realizar\u00e1 durante el fin de semana, sino hasta que sean d\u00edas h\u00e1biles, como lo indica el comunicado.<\/p>\n<p><a href=\"http:\/\/notinor.com\/jujuy\/wp-content\/uploads\/2017\/09\/WhatsApp-Image-2017-09-30-at-11.13.43.jpeg\"><img decoding=\"async\" loading=\"lazy\" class=\"size-large wp-image-137985 aligncenter\" src=\"http:\/\/notinor.com\/jujuy\/wp-content\/uploads\/2017\/09\/WhatsApp-Image-2017-09-30-at-11.13.43-800x547.jpeg\" alt=\"WhatsApp Image 2017-09-30 at 11.13.43\" width=\"800\" height=\"547\" srcset=\"https:\/\/notinor.com\/jujuy\/wp-content\/uploads\/2017\/09\/WhatsApp-Image-2017-09-30-at-11.13.43-800x547.jpeg 800w, https:\/\/notinor.com\/jujuy\/wp-content\/uploads\/2017\/09\/WhatsApp-Image-2017-09-30-at-11.13.43-300x205.jpeg 300w, https:\/\/notinor.com\/jujuy\/wp-content\/uploads\/2017\/09\/WhatsApp-Image-2017-09-30-at-11.13.43.jpeg 870w\" sizes=\"(max-width: 800px) 100vw, 800px\" \/><\/a><\/p>\n<p>&nbsp;<\/p>\n<p>&nbsp;<\/p>\n","protected":false},"excerpt":{"rendered":"<p>&nbsp; Hasta el momento no se conoce informaci\u00f3n oficial, judicial,\u00a0 de los motivos por los que se decidi\u00f3 quitarle el beneficio a Sala. Seg\u00fan fuentes cercanas a la defensa de Milagro Sala el traslado al penal\u00a0 no se har\u00eda efectivo debido a que la defensa presentar\u00e1 un recurso de efecto suspensivo. La defensa de la [&hellip;]<\/p>\n","protected":false},"author":1,"featured_media":130954,"comment_status":"open","ping_status":"open","sticky":false,"template":"","format":"standard","meta":{"_stopmodifiedupdate":false,"_modified_date":"","inline_featured_image":false},"categories":[485],"tags":[],"jetpack_featured_media_url":"https:\/\/notinor.com\/jujuy\/wp-content\/uploads\/2017\/08\/milagro-imputada.jpg","_links":{"self":[{"href":"https:\/\/notinor.com\/jujuy\/wp-json\/wp\/v2\/posts\/137918"}],"collection":[{"href":"https:\/\/notinor.com\/jujuy\/wp-json\/wp\/v2\/posts"}],"about":[{"href":"https:\/\/notinor.com\/jujuy\/wp-json\/wp\/v2\/types\/post"}],"author":[{"embeddable":true,"href":"https:\/\/notinor.com\/jujuy\/wp-json\/wp\/v2\/users\/1"}],"replies":[{"embeddable":true,"href":"https:\/\/notinor.com\/jujuy\/wp-json\/wp\/v2\/comments?post=137918"}],"version-history":[{"count":7,"href":"https:\/\/notinor.com\/jujuy\/wp-json\/wp\/v2\/posts\/137918\/revisions"}],"predecessor-version":[{"id":138018,"href":"https:\/\/notinor.com\/jujuy\/wp-json\/wp\/v2\/posts\/137918\/revisions\/138018"}],"wp:featuredmedia":[{"embeddable":true,"href":"https:\/\/notinor.com\/jujuy\/wp-json\/wp\/v2\/media\/130954"}],"wp:attachment":[{"href":"https:\/\/notinor.com\/jujuy\/wp-json\/wp\/v2\/media?parent=137918"}],"wp:term":[{"taxonomy":"category","embeddable":true,"href":"https:\/\/notinor.com\/jujuy\/wp-json\/wp\/v2\/categories?post=137918"},{"taxonomy":"post_tag","embeddable":true,"href":"https:\/\/notinor.com\/jujuy\/wp-json\/wp\/v2\/tags?post=137918"}],"curies":[{"name":"wp","href":"https:\/\/api.w.org\/{rel}","templated":true}]}}