{"id":13766,"date":"2015-01-24T20:21:26","date_gmt":"2015-01-24T23:21:26","guid":{"rendered":"http:\/\/notinor.com\/jujuy\/?p=13766"},"modified":"2015-01-24T20:21:26","modified_gmt":"2015-01-24T23:21:26","slug":"fellner-maltrato-la-democracia-en-jujuy","status":"publish","type":"post","link":"https:\/\/notinor.com\/jujuy\/fellner-maltrato-la-democracia-en-jujuy\/","title":{"rendered":"Fellner maltrat\u00f3 la democracia en Jujuy"},"content":{"rendered":"<p>24.01.2015 || El esc\u00e1ndalo por la muerte del Fiscal Nisman, gener\u00f3 en el pa\u00eds una visagra en cuanto a los valores que la sociedad reclama al poder pol\u00edtico. En ese nuevo marco de referencia que el ciudadano ha establecido, Eduardo Fellner queda rezagado.<\/p>\n<p>En principio su accionar oscuro, sin rendiciones de cuentas a derecho, bajo un manto de impunidad casi naturalizado en Jujuy, en cuanto a un permanente incumplimiento de los deberes de funcionario p\u00fablico y el sometimiento a ultraje de las disposiciones constitucionales nacionales, provinciales y las injerencias autoritarias sobre la institucionalidad del municipio de la capital al cual desconoce, hacen del gobernador un ogro del sistema democr\u00e1tico.<\/p>\n<p>En los \u00faltimos meses el FPV intent\u00f3 reinventarse desde asombrosos argumentos republicanos, que jam\u00e1s practicaron puertas adentro, pero que ahora intentan incorporar para persuadir a los electores.<\/p>\n<p>La pretendida reforma constitucional para poner l\u00edmites a los mandatos, el reconocimiento de la necesidad de brindar m\u00e1s autonom\u00eda a la justica, la adhesi\u00f3n a las PASO y otras reformas menores, m\u00e1s orientadas a conformar f\u00f3rmulas pol\u00edticas para como la figura del vice intendente, sin que hayan alcanzado ese objetivo, revela un FPV agotado, desordenado, que exhibe sus errores sin dar se\u00f1ales de superaci\u00f3n, ya que el propio PJ carece de elecciones internas, con lo cual la virtud del ejemplo, es una utop\u00eda, cayendo en incongruencias que deprimen el proyecto pol\u00edtico de Eduardo Fellner.<\/p>\n<p>El manoseo permanente de la ley electoral, acomodando reglas para favorecer los intereses del poder, dejando de lado por ejemplo a m\u00e1s de 100.000 juje\u00f1os que suele optar por otros partidos sin alcanzar representaci\u00f3n parlamentaria, se\u00f1ala un desprecio a la pluralidad.<\/p>\n<p>El sometimiento de los intendentes es moneda corriente en Jujuy, todos obedecen bajo amenazas de sanciones administrativas que consisten en faltantes en materia de recursos. Este paradigma que debi\u00f3 ser superado por una ley de coparticipaci\u00f3n, que el propio Fellner prometi\u00f3, no ocurrir\u00e1 jam\u00e1s bajo el signo del FPV, que no posee otra manera de imponer su visi\u00f3n que desde el autoritarismo.<\/p>\n<p>La sociedad juje\u00f1a, seg\u00fan los indicadores de opini\u00f3n, esta cansada del FPV, a tal punto que pese a los esfuerzos que realiza el gobierno, seg\u00fan su parecer; acumula un 72% de rechazo en materia de gesti\u00f3n, la cual es desaprobada rotundamente.<\/p>\n<p>Sin embargo, no solo el oficialismo esta llamado a realizar un mea culpa, una autocr\u00edtica m\u00e1s aut\u00e9ntica; la oposici\u00f3n tambi\u00e9n debe brindar gestos para ser receptora de la confianza de los electores juje\u00f1os, en materia de acordar puntos comunes, por ejemplo, un pacto para cumplir las leyes, un paso tan obvio y obligatorio, que sin embargo en Jujuy no ocurre.<\/p>\n<p>Adem\u00e1s deber\u00e1n acordarse otros puntos para que el gobierno que viene haga realidad. Este paso solo es posible desde una sana apertura de los partidos pol\u00edticos actuales que deben mirar a la sociedad, evitando patolog\u00edas como atender intereses sectarios, lo que nos har\u00eda repetir errores.<\/p>\n","protected":false},"excerpt":{"rendered":"<p>24.01.2015 || El esc\u00e1ndalo por la muerte del Fiscal Nisman, gener\u00f3 en el pa\u00eds una visagra en cuanto a los valores que la sociedad reclama al poder pol\u00edtico. En ese nuevo marco de referencia que el ciudadano ha establecido, Eduardo Fellner queda rezagado. En principio su accionar oscuro, sin rendiciones de cuentas a derecho, bajo [&hellip;]<\/p>\n","protected":false},"author":1,"featured_media":13767,"comment_status":"open","ping_status":"open","sticky":false,"template":"","format":"standard","meta":{"_stopmodifiedupdate":false,"_modified_date":"","inline_featured_image":false,"spay_email":"","jetpack_publicize_message":""},"categories":[485],"tags":[],"jetpack_featured_media_url":"https:\/\/notinor.com\/jujuy\/wp-content\/uploads\/2015\/01\/fellner-y-cristina.jpg","jetpack_publicize_connections":[],"_links":{"self":[{"href":"https:\/\/notinor.com\/jujuy\/wp-json\/wp\/v2\/posts\/13766"}],"collection":[{"href":"https:\/\/notinor.com\/jujuy\/wp-json\/wp\/v2\/posts"}],"about":[{"href":"https:\/\/notinor.com\/jujuy\/wp-json\/wp\/v2\/types\/post"}],"author":[{"embeddable":true,"href":"https:\/\/notinor.com\/jujuy\/wp-json\/wp\/v2\/users\/1"}],"replies":[{"embeddable":true,"href":"https:\/\/notinor.com\/jujuy\/wp-json\/wp\/v2\/comments?post=13766"}],"version-history":[{"count":1,"href":"https:\/\/notinor.com\/jujuy\/wp-json\/wp\/v2\/posts\/13766\/revisions"}],"predecessor-version":[{"id":13768,"href":"https:\/\/notinor.com\/jujuy\/wp-json\/wp\/v2\/posts\/13766\/revisions\/13768"}],"wp:featuredmedia":[{"embeddable":true,"href":"https:\/\/notinor.com\/jujuy\/wp-json\/wp\/v2\/media\/13767"}],"wp:attachment":[{"href":"https:\/\/notinor.com\/jujuy\/wp-json\/wp\/v2\/media?parent=13766"}],"wp:term":[{"taxonomy":"category","embeddable":true,"href":"https:\/\/notinor.com\/jujuy\/wp-json\/wp\/v2\/categories?post=13766"},{"taxonomy":"post_tag","embeddable":true,"href":"https:\/\/notinor.com\/jujuy\/wp-json\/wp\/v2\/tags?post=13766"}],"curies":[{"name":"wp","href":"https:\/\/api.w.org\/{rel}","templated":true}]}}