{"id":13763,"date":"2015-01-24T16:39:04","date_gmt":"2015-01-24T19:39:04","guid":{"rendered":"http:\/\/notinor.com\/jujuy\/?p=13763"},"modified":"2015-01-24T16:39:04","modified_gmt":"2015-01-24T19:39:04","slug":"por-miedo-el-periodista-que-tuvo-la-primicia-sobre-la-muerte-de-nisman-se-fue-del-pais","status":"publish","type":"post","link":"https:\/\/notinor.com\/jujuy\/por-miedo-el-periodista-que-tuvo-la-primicia-sobre-la-muerte-de-nisman-se-fue-del-pais\/","title":{"rendered":"Por miedo, el periodista que tuvo la primicia sobre la muerte de Nisman se fue del pa\u00eds"},"content":{"rendered":"<p>Damian Pachter, periodista del diario Buenos Aires Herald y colaborador del portal israel\u00ed Haaretz, fue el primero que comunic\u00f3, v\u00eda Twitter, la muerte del fiscal Alberto Nisman. En la madrugada de hoy, a las 4:30, el periodista abandon\u00f3 el pa\u00eds. Seg\u00fan el Foro de Periodismo Argentino (FOPEA), Pachter se fue del pa\u00eds porque tem\u00eda por su seguridad. Ayer le inform\u00f3 al Foro que sufri\u00f3 \u201cseguimientos sospechosos\u201d.<\/p>\n<p>Cuando todav\u00eda nadie imaginaba que el fiscal federal Alberto Nisman aparecer\u00eda muerto en su departamento, a las 23:35 del domingo el periodista twitte\u00f3: \u201cMe acaban de informar sobre un incidente en la casa del Fiscal Alberto Nisman\u201d. A la media hora volvi\u00f3 a escribir: \u201cEncontraron al fiscal Alberto Nisman en el ba\u00f1o de su casa de Puerto Madero sobre un charco de sangre. No respiraba. Los m\u00e9dicos est\u00e1n all\u00ed\u201d. \"A parte de ese mensaje pas\u00f3 otra cosa m\u00e1s y ah\u00ed se confirm\u00f3 todo y a la mierda. Tuve que hacer un par de movidas y me dijeron \u2018andate ya porque te est\u00e1n buscando\u2019\", dijo Pachter a Diario Clar\u00edn.<\/p>\n<p>\"\u00bfCuando vuelvo? Cuando fuentes me digan que las condiciones cambiaron. No creo que sea durante este gobierno\u201d, explic\u00f3 Pachter. \u201cTuve que dejar el laburo. Me fui a la mierda, calladito, y dej\u00e9 el auto ah\u00ed. El auto sigue en el estacionamiento de \u00c1mbito\", indic\u00f3 al mismo medio.<\/p>\n","protected":false},"excerpt":{"rendered":"<p>Damian Pachter, periodista del diario Buenos Aires Herald y colaborador del portal israel\u00ed Haaretz, fue el primero que comunic\u00f3, v\u00eda Twitter, la muerte del fiscal Alberto Nisman. En la madrugada de hoy, a las 4:30, el periodista abandon\u00f3 el pa\u00eds. Seg\u00fan el Foro de Periodismo Argentino (FOPEA), Pachter se fue del pa\u00eds porque tem\u00eda por [&hellip;]<\/p>\n","protected":false},"author":1,"featured_media":13764,"comment_status":"open","ping_status":"open","sticky":false,"template":"","format":"standard","meta":{"_stopmodifiedupdate":false,"_modified_date":"","inline_featured_image":false,"spay_email":"","jetpack_publicize_message":""},"categories":[5],"tags":[],"jetpack_featured_media_url":"https:\/\/notinor.com\/jujuy\/wp-content\/uploads\/2015\/01\/damian-pachter.jpg","jetpack_publicize_connections":[],"_links":{"self":[{"href":"https:\/\/notinor.com\/jujuy\/wp-json\/wp\/v2\/posts\/13763"}],"collection":[{"href":"https:\/\/notinor.com\/jujuy\/wp-json\/wp\/v2\/posts"}],"about":[{"href":"https:\/\/notinor.com\/jujuy\/wp-json\/wp\/v2\/types\/post"}],"author":[{"embeddable":true,"href":"https:\/\/notinor.com\/jujuy\/wp-json\/wp\/v2\/users\/1"}],"replies":[{"embeddable":true,"href":"https:\/\/notinor.com\/jujuy\/wp-json\/wp\/v2\/comments?post=13763"}],"version-history":[{"count":1,"href":"https:\/\/notinor.com\/jujuy\/wp-json\/wp\/v2\/posts\/13763\/revisions"}],"predecessor-version":[{"id":13765,"href":"https:\/\/notinor.com\/jujuy\/wp-json\/wp\/v2\/posts\/13763\/revisions\/13765"}],"wp:featuredmedia":[{"embeddable":true,"href":"https:\/\/notinor.com\/jujuy\/wp-json\/wp\/v2\/media\/13764"}],"wp:attachment":[{"href":"https:\/\/notinor.com\/jujuy\/wp-json\/wp\/v2\/media?parent=13763"}],"wp:term":[{"taxonomy":"category","embeddable":true,"href":"https:\/\/notinor.com\/jujuy\/wp-json\/wp\/v2\/categories?post=13763"},{"taxonomy":"post_tag","embeddable":true,"href":"https:\/\/notinor.com\/jujuy\/wp-json\/wp\/v2\/tags?post=13763"}],"curies":[{"name":"wp","href":"https:\/\/api.w.org\/{rel}","templated":true}]}}