{"id":13760,"date":"2015-01-24T15:01:59","date_gmt":"2015-01-24T18:01:59","guid":{"rendered":"http:\/\/notinor.com\/jujuy\/?p=13760"},"modified":"2015-01-24T15:01:59","modified_gmt":"2015-01-24T18:01:59","slug":"se-viene-festival-homenaje-a-jorge-cafrune","status":"publish","type":"post","link":"https:\/\/notinor.com\/jujuy\/se-viene-festival-homenaje-a-jorge-cafrune\/","title":{"rendered":"Se viene \"Festival Homenaje a Jorge Cafrune\""},"content":{"rendered":"<p>S\u00e1bado 7 a partir de la 21 Hs 30 montas en Jineteada con los mejores reservados del norte argentino. En el escenario mayor:<\/p>\n<p>PANCHO FIGUEROA Y POLO ROMAN (Ex Chalchaleros)<span class=\"text_exposed_show\"><br \/>\nDALMIRO CUELLAR<br \/>\nSENTIMIENTO MANSERO<br \/>\nBECHO RIVEIRO<br \/>\nASI NOMAS<br \/>\nCARLITOS MAMANI<br \/>\nLEANDRO GUARACHI<br \/>\nY ALDO LA ZAMBA<br \/>\nDomingo 8 a partir del mediod\u00eda contin\u00faa la jineteada con 30 montas, adem\u00e1s destrezas criollas y en el escenario<br \/>\nLOS 4 DE CORDOBA<br \/>\nPITIN ZALAZAR<br \/>\nLOS DEL RIO<br \/>\nFRANCO PATAGUA<br \/>\nLOS CRIOLLOS<br \/>\nLOS NOGALES<br \/>\nELCHINO SANCHEZ<br \/>\nOMAR ALANOCA<br \/>\nARIEL ALCOBEDO<br \/>\nK\u2019HASAUCHO TRIO<br \/>\nY TUPAC 7<br \/>\nVenta de comidas regionales, entradas anticipadas hasta el viernes 6 $120 por los d\u00edas y luego $70 por jornada.<br \/>\nInvita y organiza municipalidad de El Carmen\u00a0<\/span><\/p>\n","protected":false},"excerpt":{"rendered":"<p>S\u00e1bado 7 a partir de la 21 Hs 30 montas en Jineteada con los mejores reservados del norte argentino. En el escenario mayor: PANCHO FIGUEROA Y POLO ROMAN (Ex Chalchaleros) DALMIRO CUELLAR SENTIMIENTO MANSERO BECHO RIVEIRO ASI NOMAS CARLITOS MAMANI LEANDRO GUARACHI Y ALDO LA ZAMBA Domingo 8 a partir del mediod\u00eda contin\u00faa la jineteada [&hellip;]<\/p>\n","protected":false},"author":1,"featured_media":13761,"comment_status":"open","ping_status":"open","sticky":false,"template":"","format":"standard","meta":{"_stopmodifiedupdate":false,"_modified_date":"","inline_featured_image":false,"spay_email":"","jetpack_publicize_message":""},"categories":[4],"tags":[],"jetpack_featured_media_url":"https:\/\/notinor.com\/jujuy\/wp-content\/uploads\/2015\/01\/el-carmen.jpg","jetpack_publicize_connections":[],"_links":{"self":[{"href":"https:\/\/notinor.com\/jujuy\/wp-json\/wp\/v2\/posts\/13760"}],"collection":[{"href":"https:\/\/notinor.com\/jujuy\/wp-json\/wp\/v2\/posts"}],"about":[{"href":"https:\/\/notinor.com\/jujuy\/wp-json\/wp\/v2\/types\/post"}],"author":[{"embeddable":true,"href":"https:\/\/notinor.com\/jujuy\/wp-json\/wp\/v2\/users\/1"}],"replies":[{"embeddable":true,"href":"https:\/\/notinor.com\/jujuy\/wp-json\/wp\/v2\/comments?post=13760"}],"version-history":[{"count":1,"href":"https:\/\/notinor.com\/jujuy\/wp-json\/wp\/v2\/posts\/13760\/revisions"}],"predecessor-version":[{"id":13762,"href":"https:\/\/notinor.com\/jujuy\/wp-json\/wp\/v2\/posts\/13760\/revisions\/13762"}],"wp:featuredmedia":[{"embeddable":true,"href":"https:\/\/notinor.com\/jujuy\/wp-json\/wp\/v2\/media\/13761"}],"wp:attachment":[{"href":"https:\/\/notinor.com\/jujuy\/wp-json\/wp\/v2\/media?parent=13760"}],"wp:term":[{"taxonomy":"category","embeddable":true,"href":"https:\/\/notinor.com\/jujuy\/wp-json\/wp\/v2\/categories?post=13760"},{"taxonomy":"post_tag","embeddable":true,"href":"https:\/\/notinor.com\/jujuy\/wp-json\/wp\/v2\/tags?post=13760"}],"curies":[{"name":"wp","href":"https:\/\/api.w.org\/{rel}","templated":true}]}}