{"id":13757,"date":"2015-01-24T14:52:30","date_gmt":"2015-01-24T17:52:30","guid":{"rendered":"http:\/\/notinor.com\/jujuy\/?p=13757"},"modified":"2015-01-24T14:52:30","modified_gmt":"2015-01-24T17:52:30","slug":"el-huracan-cristina-devastando-la-argentina","status":"publish","type":"post","link":"https:\/\/notinor.com\/jujuy\/el-huracan-cristina-devastando-la-argentina\/","title":{"rendered":"El hurac\u00e1n Cristina devastando la Argentina"},"content":{"rendered":"<p>Le confieso que es la primera vez que me ocurre que una noticia pol\u00edtica me impacta tanto emocionalmente. A medida que le\u00eda los primeros rumores de la muerte del fiscal Alberto Nisman por Twitter, el pasado domingo por la noche, me estremec\u00eda cada vez m\u00e1s. En un momento me sorprend\u00ed a m\u00ed mismo con los ojos llorosos y la piel de gallina.<\/p>\n<div><\/div>\n<div>\u00bfCu\u00e1les fueron esas emociones que me movilizaron tanto? A\u00fan no lo tengo totalmente claro. Tal vez fueron una mezcla de sensaciones, pero seguro que la tristeza estaba a la cabeza de todas ellas. Es que ver a tu pa\u00eds llegar a tal l\u00edmite de degradaci\u00f3n, de desintegraci\u00f3n, mortifica.<\/div>\n<div><\/div>\n<div>Porque la muerte del fiscal Nisman no solo es importante por s\u00ed misma, por su cargo y por la importancia de los temas que llevaba adelante. Es mucho m\u00e1s importante como s\u00edmbolo de un pa\u00eds que no sabe organizarse. Como s\u00edmbolo de un pa\u00eds derrotado por el descontrol y por la doctrina del \u201cs\u00e1lvese quien pueda\u201d.<\/div>\n<div><\/div>\n<div>\u00c9sa es la \u00fanica forma de explicar la desaz\u00f3n que sentimos la gran mayor\u00eda de argentinos el lunes pasado. Centrando la importancia en el s\u00edmbolo que implica la muerte del fiscal, el desconsuelo se vuelve m\u00e1s l\u00f3gico, m\u00e1s explicable.<\/div>\n<div><\/div>\n<div>La muerte de Nisman es un ejemplo claro y contundente de una forma de organizaci\u00f3n que fracas\u00f3. De una forma de Gobierno, que finalmente, hace evidente para todos los argentinos su peor cara. Una forma de Gobierno centrada en la b\u00fasqueda de cada vez m\u00e1s poder y cada vez m\u00e1s dinero.<\/div>\n<div><\/div>\n<div>Una estrategia implementada por un Gobierno invadido por delincuentes, obsecuentes e in\u00fatiles que lo \u00fanico que saben hacer es enfrentar, dividir, encerrarse y robar. Por algunos a\u00f1os, la magia del <em>marketing<\/em> pol\u00edtico puede esconder las consecuencias de un Gobierno sin moral ni principios, pero a la larga, el descontrol termina pasando la factura.<\/div>\n<div><\/div>\n<div>\u00bfQu\u00e9 paso con la muerte del fiscal Alberto Nisman? \u00bfQui\u00e9n lo mat\u00f3 o qui\u00e9n lo \u201coblig\u00f3\u201d a matarse? Ya poco importa si fueron los propios miembros del Gobierno, si fueron los servicios de inteligencia locales o extranjeros los que lo mataron. Lo que importa es que estamos ante un Estado infectado, podrido, estamos ante un Estado mafioso.<\/div>\n<div><\/div>\n<div>Un Estado que perdi\u00f3 la poca autoridad moral que le quedaba. Un Estado que solo puede representar a los delincuentes o a los distra\u00eddos que todo pa\u00eds siempre tiene.<\/div>\n<div><\/div>\n<div>El Gobierno de Cristina ya se encarg\u00f3 de destruir la econom\u00eda argentina. Se ocup\u00f3 -sin prisa pero sin pausa- de derribar cada uno de los sectores de la econom\u00eda argentina. Aquellos sectores que hoy a\u00fan funcionan est\u00e1n apoyados en alguna variable que no se podr\u00e1 mantener por mucho tiempo m\u00e1s: o en un subsidio, o en un privilegio, o en una protecci\u00f3n gubernamental.<\/div>\n<div><\/div>\n<div>Pero ahora Cristina est\u00e1 yendo por m\u00e1s, ella quiere seguir derribando. La Presidenta est\u00e1 terminando su obra desmoronando lo poco que le queda de \u201crep\u00fablica\u201d a nuestro pa\u00eds. \u00bfQu\u00e9 quiero decir con \u201crep\u00fablica\u201d? Mire la definici\u00f3n de esta palabra en Wikipedia:<\/div>\n<div><\/div>\n<div><em>Rep\u00fablica es un sistema pol\u00edtico que se fundamenta en el imperio de la ley y la igualdad ante la ley como la forma de frenar los posibles abusos de las personas que tienen mayor poder, del gobierno y de las mayor\u00edas, con el objeto de proteger los derechos fundamentales y las libertades civiles de los ciudadanos, de los que no puede sustraerse nunca un gobierno leg\u00edtimo.<\/em><\/div>\n<div><\/div>\n<div>Luego de leer esta definici\u00f3n, le pregunto: \u00bfQueda algo de \u201crep\u00fablica\u201d en la Argentina actual? Si a usted le parece que algo queda, \u00bfcu\u00e1nto m\u00e1s va a durar eso poco que queda?<\/div>\n<div><\/div>\n<div>Volviendo a la muerte del fiscal Nisman, \u00bfno era justamente un s\u00edmbolo de una rep\u00fablica que un fiscal pueda denunciar a un Presidente cuando le parece que \u00e9ste hizo algo contra la ley? Si somos todos iguales ante la ley, inclusive aqu\u00e9llos que tienen mayor poder, \u00bfno tendr\u00eda que ser esto algo normal y corriente en un pa\u00eds civilizado y que se considera una \u201crep\u00fablica\u201d?<\/div>\n<div><\/div>\n<div>Esto que tendr\u00eda que ser algo corriente. De hecho, no lo es. Luego de la denuncia del fiscal Alberto Nisman, el Gobierno sali\u00f3 a descalificarlo mediante todos los recursos posibles. Una medi\u00e1tica pol\u00edtica aliada de Cristina declar\u00f3 que le \u201ciban a ir con los tapones de punta\u201d. Otro esbirro de la Presidenta inclusive llego a decir que nos \u201chab\u00edan advertido\u201d que si se met\u00edan con Cristina iba a haber muertos\u2026<\/div>\n<div><\/div>\n<div>El fiscal que se atrevi\u00f3 a denunciar a la autoridad m\u00e1xima de un pa\u00eds no solo fue agredido por el Gobierno -que te\u00f3ricamente lo ten\u00eda que defender-, sino que, peor a\u00fan, termin\u00f3 muerto. Un Gobierno que tendr\u00eda que ser el encargado de custodiar a la rep\u00fablica, la ataca.<\/div>\n<div><\/div>\n<div>Por eso, la muerte de Nisman es un s\u00edmbolo tan importante que nos deja sin aire a todos. Porque es un s\u00edmbolo, a\u00fan mucho m\u00e1s claro que se suma a los cientos de incidentes anteriores que desde <strong>Inversor Global<\/strong> venimos denunciando desde el a\u00f1o 2011. Es un s\u00edmbolo de que en la Argentina la rep\u00fablica ya no est\u00e1 m\u00e1s vigente.<\/div>\n<div><\/div>\n<div>Y cuando eso ocurre, cuando todos nos damos cuenta de que en un pa\u00eds solo sobrevive el m\u00e1s fuerte, cuando nos damos cuenta de que no solo nadie nos protege contra los ladrones y los violentos, sino que, peor a\u00fan, \u00e9stos que nos tendr\u00edan que proteger nos terminan amenazando, all\u00ed es donde la sensaci\u00f3n de vac\u00edo y peligro nos invade.<\/div>\n<div><\/div>\n<div>Cristina est\u00e1 terminando de destruir nuestro pa\u00eds. Si no hacemos nada antes, es muy probable que la Presidenta termine de destruir los pocos vestigios de civilizaci\u00f3n que le quedan a la Argentina hoy.<\/div>\n<div><\/div>\n<div>Lo m\u00e1s sano ser\u00eda que todos los ciudadanos salgamos a la calle y reclamemos la renuncia inmediata de Cristina y sus esbirros. Es cierto, nada nos asegura que el pr\u00f3ximo presidente no tenga las mismas \u201ccualidades\u201d que Cristina. Pero vale la pena el intento. O seguimos esperando y presenciamos pasivamente c\u00f3mo la destrucci\u00f3n se sigue llevando a cabo. O asumimos el protagonismo y reclamamos el adelanto de elecciones ahora mismo.<\/div>\n<div><\/div>\n<div>Cuanto antes tengamos la oportunidad de reconstruir la Argentina, menos doloroso ser\u00e1.<\/div>\n<div><\/div>\n<div><strong>Federico Tessore<\/strong><\/div>\n","protected":false},"excerpt":{"rendered":"<p>Le confieso que es la primera vez que me ocurre que una noticia pol\u00edtica me impacta tanto emocionalmente. A medida que le\u00eda los primeros rumores de la muerte del fiscal Alberto Nisman por Twitter, el pasado domingo por la noche, me estremec\u00eda cada vez m\u00e1s. En un momento me sorprend\u00ed a m\u00ed mismo con los [&hellip;]<\/p>\n","protected":false},"author":1,"featured_media":13758,"comment_status":"open","ping_status":"open","sticky":false,"template":"","format":"standard","meta":{"_stopmodifiedupdate":false,"_modified_date":"","inline_featured_image":false,"spay_email":"","jetpack_publicize_message":""},"categories":[5],"tags":[],"jetpack_featured_media_url":"https:\/\/notinor.com\/jujuy\/wp-content\/uploads\/2015\/01\/cristina.jpg","jetpack_publicize_connections":[],"_links":{"self":[{"href":"https:\/\/notinor.com\/jujuy\/wp-json\/wp\/v2\/posts\/13757"}],"collection":[{"href":"https:\/\/notinor.com\/jujuy\/wp-json\/wp\/v2\/posts"}],"about":[{"href":"https:\/\/notinor.com\/jujuy\/wp-json\/wp\/v2\/types\/post"}],"author":[{"embeddable":true,"href":"https:\/\/notinor.com\/jujuy\/wp-json\/wp\/v2\/users\/1"}],"replies":[{"embeddable":true,"href":"https:\/\/notinor.com\/jujuy\/wp-json\/wp\/v2\/comments?post=13757"}],"version-history":[{"count":1,"href":"https:\/\/notinor.com\/jujuy\/wp-json\/wp\/v2\/posts\/13757\/revisions"}],"predecessor-version":[{"id":13759,"href":"https:\/\/notinor.com\/jujuy\/wp-json\/wp\/v2\/posts\/13757\/revisions\/13759"}],"wp:featuredmedia":[{"embeddable":true,"href":"https:\/\/notinor.com\/jujuy\/wp-json\/wp\/v2\/media\/13758"}],"wp:attachment":[{"href":"https:\/\/notinor.com\/jujuy\/wp-json\/wp\/v2\/media?parent=13757"}],"wp:term":[{"taxonomy":"category","embeddable":true,"href":"https:\/\/notinor.com\/jujuy\/wp-json\/wp\/v2\/categories?post=13757"},{"taxonomy":"post_tag","embeddable":true,"href":"https:\/\/notinor.com\/jujuy\/wp-json\/wp\/v2\/tags?post=13757"}],"curies":[{"name":"wp","href":"https:\/\/api.w.org\/{rel}","templated":true}]}}