{"id":13754,"date":"2015-01-24T14:47:01","date_gmt":"2015-01-24T17:47:01","guid":{"rendered":"http:\/\/notinor.com\/jujuy\/?p=13754"},"modified":"2015-01-24T14:47:01","modified_gmt":"2015-01-24T17:47:01","slug":"concierto-de-walter-arjona-en-centro-de-visitantes-ledesma","status":"publish","type":"post","link":"https:\/\/notinor.com\/jujuy\/concierto-de-walter-arjona-en-centro-de-visitantes-ledesma\/","title":{"rendered":"Concierto de Walter Arjona en Centro de Visitantes Ledesma"},"content":{"rendered":"<p>La propuesta musical \u201cNo tan solo\u201d fue un \u00e9xito a sala llena<\/p>\n<p>Magn\u00edfico concierto de Walter Arjona en el Centro de Visitantes Ledesma.<\/p>\n<p>El espect\u00e1culo comenz\u00f3 con la introducci\u00f3n de la coplera Carmen Salas -que es t\u00eda y madrina del aerofon\u00edsta-, recit\u00f3 el poema \u201cNo te r\u00edas de un coya\u201d de Fortunato Ramos, mientras Walter Arjona tocaba el erke por los pasillos del auditorio del Centro de Visitantes. A continuaci\u00f3n, la artista invitada recit\u00f3 coplas propias acompa\u00f1ada de su caja. A la hora de subir al escenario, Arjona se fundi\u00f3 en un abrazo con su t\u00eda, agradeci\u00f3 su presentaci\u00f3n y dio la bienvenida al p\u00fablico. \u201cEl poder de las palabras es muy valiosa y creo que deban saber ser interpretadas.<\/p>\n<p>El poema de don Fortunato Ramos se explica porque lo escuch\u00e9 por primera vez en una \u00e9poca en la que estaba lejos y extra\u00f1aba much\u00edsimo a mi Ledesma, a mi Jujuy\u201d, dijo el artista conmovido. Inmediatamente el concierto empez\u00f3 con canciones que fueron perfectamente acompa\u00f1adas por Mat\u00edas Aparicio (caj\u00f3n peruano) y Sebasti\u00e1n Cenardo (guitarra). Se apreci\u00f3 as\u00ed el valsecito peruano \u201cAmarraditos\u201d y el taquirari boliviano \u201cNi\u00f1a camba\u201d, entre otros.<\/p>\n<p>En la segunda parte del recital los vientos tomaron protagonismo, y as\u00ed Arjona tom\u00f3 una quena e interpret\u00f3 la milonga \u201cNocturna\u201d. Los dem\u00e1s instrumentos fueron sum\u00e1ndose para completar y variar los ritmos, pudiendo o\u00edrse popurr\u00eds de galopas, cuecas, bailecitos y carnavalitos. Al finalizar la presentaci\u00f3n, el p\u00fablico congratul\u00f3 a los artistas con un caluroso aplauso.<\/p>\n","protected":false},"excerpt":{"rendered":"<p>La propuesta musical \u201cNo tan solo\u201d fue un \u00e9xito a sala llena Magn\u00edfico concierto de Walter Arjona en el Centro de Visitantes Ledesma. El espect\u00e1culo comenz\u00f3 con la introducci\u00f3n de la coplera Carmen Salas -que es t\u00eda y madrina del aerofon\u00edsta-, recit\u00f3 el poema \u201cNo te r\u00edas de un coya\u201d de Fortunato Ramos, mientras Walter [&hellip;]<\/p>\n","protected":false},"author":1,"featured_media":13755,"comment_status":"open","ping_status":"open","sticky":false,"template":"","format":"standard","meta":{"_stopmodifiedupdate":false,"_modified_date":"","inline_featured_image":false,"spay_email":"","jetpack_publicize_message":""},"categories":[4],"tags":[],"jetpack_featured_media_url":"https:\/\/notinor.com\/jujuy\/wp-content\/uploads\/2015\/01\/No-tan-solo-CVL-3.jpg","jetpack_publicize_connections":[],"_links":{"self":[{"href":"https:\/\/notinor.com\/jujuy\/wp-json\/wp\/v2\/posts\/13754"}],"collection":[{"href":"https:\/\/notinor.com\/jujuy\/wp-json\/wp\/v2\/posts"}],"about":[{"href":"https:\/\/notinor.com\/jujuy\/wp-json\/wp\/v2\/types\/post"}],"author":[{"embeddable":true,"href":"https:\/\/notinor.com\/jujuy\/wp-json\/wp\/v2\/users\/1"}],"replies":[{"embeddable":true,"href":"https:\/\/notinor.com\/jujuy\/wp-json\/wp\/v2\/comments?post=13754"}],"version-history":[{"count":1,"href":"https:\/\/notinor.com\/jujuy\/wp-json\/wp\/v2\/posts\/13754\/revisions"}],"predecessor-version":[{"id":13756,"href":"https:\/\/notinor.com\/jujuy\/wp-json\/wp\/v2\/posts\/13754\/revisions\/13756"}],"wp:featuredmedia":[{"embeddable":true,"href":"https:\/\/notinor.com\/jujuy\/wp-json\/wp\/v2\/media\/13755"}],"wp:attachment":[{"href":"https:\/\/notinor.com\/jujuy\/wp-json\/wp\/v2\/media?parent=13754"}],"wp:term":[{"taxonomy":"category","embeddable":true,"href":"https:\/\/notinor.com\/jujuy\/wp-json\/wp\/v2\/categories?post=13754"},{"taxonomy":"post_tag","embeddable":true,"href":"https:\/\/notinor.com\/jujuy\/wp-json\/wp\/v2\/tags?post=13754"}],"curies":[{"name":"wp","href":"https:\/\/api.w.org\/{rel}","templated":true}]}}