{"id":13725,"date":"2015-01-24T01:40:20","date_gmt":"2015-01-24T04:40:20","guid":{"rendered":"http:\/\/notinor.com\/jujuy\/?p=13725"},"modified":"2015-01-24T01:40:20","modified_gmt":"2015-01-24T04:40:20","slug":"cronograma-de-pago-de-la-segunda-cuota-de-la-ayuda-extraordinaria-2","status":"publish","type":"post","link":"https:\/\/notinor.com\/jujuy\/cronograma-de-pago-de-la-segunda-cuota-de-la-ayuda-extraordinaria-2\/","title":{"rendered":"Cronograma de pago de la segunda cuota de la ayuda extraordinaria"},"content":{"rendered":"<p>El Gobierno de la provincia comunic\u00f3 las fechas en que se podr\u00e1 percibir la segunda cuota de la ayuda extraordinaria.<\/p>\n<p>&nbsp;<\/p>\n<p>El Secretario de Egresos P\u00fablicos, Miguel \u00c1ngel Lasquera, anunci\u00f3 que los d\u00edas 27 y 28 de enero se efectuar\u00e1 el pago de la segunda cuota del complemento salarial, correspondiente al a\u00f1o 2014.<\/p>\n<p>&nbsp;<\/p>\n<p>El martes 27 percibir\u00e1n este complemento los trabajadores que se desempe\u00f1an en la Polic\u00eda de la Provincia, Servicio Penitenciario, Administraci\u00f3n Central, Ministerio de Salud y Ministerio de Desarrollo Social de capital e interior.<\/p>\n<p>&nbsp;<\/p>\n<p>El mi\u00e9rcoles 28 har\u00e1n lo propio los agentes que prestan funciones en los Municipios, Educaci\u00f3n Nivel Inicial, Primario, Secundario y Terciario de Capital e Interior, Organismos descentralizados, Poder Judicial, Poder Legislativo y Tribunal de Cuentas.<\/p>\n","protected":false},"excerpt":{"rendered":"<p>El Gobierno de la provincia comunic\u00f3 las fechas en que se podr\u00e1 percibir la segunda cuota de la ayuda extraordinaria. &nbsp; El Secretario de Egresos P\u00fablicos, Miguel \u00c1ngel Lasquera, anunci\u00f3 que los d\u00edas 27 y 28 de enero se efectuar\u00e1 el pago de la segunda cuota del complemento salarial, correspondiente al a\u00f1o 2014. &nbsp; El [&hellip;]<\/p>\n","protected":false},"author":1,"featured_media":13726,"comment_status":"open","ping_status":"open","sticky":false,"template":"","format":"standard","meta":{"_stopmodifiedupdate":false,"_modified_date":"","inline_featured_image":false,"spay_email":"","jetpack_publicize_message":""},"categories":[2],"tags":[],"jetpack_featured_media_url":"https:\/\/notinor.com\/jujuy\/wp-content\/uploads\/2015\/01\/cajero1.jpg","jetpack_publicize_connections":[],"_links":{"self":[{"href":"https:\/\/notinor.com\/jujuy\/wp-json\/wp\/v2\/posts\/13725"}],"collection":[{"href":"https:\/\/notinor.com\/jujuy\/wp-json\/wp\/v2\/posts"}],"about":[{"href":"https:\/\/notinor.com\/jujuy\/wp-json\/wp\/v2\/types\/post"}],"author":[{"embeddable":true,"href":"https:\/\/notinor.com\/jujuy\/wp-json\/wp\/v2\/users\/1"}],"replies":[{"embeddable":true,"href":"https:\/\/notinor.com\/jujuy\/wp-json\/wp\/v2\/comments?post=13725"}],"version-history":[{"count":1,"href":"https:\/\/notinor.com\/jujuy\/wp-json\/wp\/v2\/posts\/13725\/revisions"}],"predecessor-version":[{"id":13727,"href":"https:\/\/notinor.com\/jujuy\/wp-json\/wp\/v2\/posts\/13725\/revisions\/13727"}],"wp:featuredmedia":[{"embeddable":true,"href":"https:\/\/notinor.com\/jujuy\/wp-json\/wp\/v2\/media\/13726"}],"wp:attachment":[{"href":"https:\/\/notinor.com\/jujuy\/wp-json\/wp\/v2\/media?parent=13725"}],"wp:term":[{"taxonomy":"category","embeddable":true,"href":"https:\/\/notinor.com\/jujuy\/wp-json\/wp\/v2\/categories?post=13725"},{"taxonomy":"post_tag","embeddable":true,"href":"https:\/\/notinor.com\/jujuy\/wp-json\/wp\/v2\/tags?post=13725"}],"curies":[{"name":"wp","href":"https:\/\/api.w.org\/{rel}","templated":true}]}}