{"id":13716,"date":"2015-01-24T01:08:26","date_gmt":"2015-01-24T04:08:26","guid":{"rendered":"http:\/\/notinor.com\/jujuy\/?p=13716"},"modified":"2015-01-24T01:08:26","modified_gmt":"2015-01-24T04:08:26","slug":"arbolito-y-catupecu-machu-en-purmamarca","status":"publish","type":"post","link":"https:\/\/notinor.com\/jujuy\/arbolito-y-catupecu-machu-en-purmamarca\/","title":{"rendered":"Arbolito y Catupecu Machu en Purmamarca"},"content":{"rendered":"<p>Este fin de semana la programaci\u00f3n con recitales libres y gratuitos comienza \u00e9ste s\u00e1bado con la presentaci\u00f3n de \"Arbolito\", grupo que fusiona folclore y rock con la participaci\u00f3n de la banda local \"Que Mambo\". Mientas que el domingo 25, \"Catupecu Machu\" agrupaci\u00f3n liderada por Fernando Ruiz D\u00edaz har\u00e1 lo propio con la actuaci\u00f3n de los juje\u00f1os \"Tripulantes\" como teloneros. El show est\u00e1 previsto a partir de las 18 horas en la localidad quebrade\u00f1a de Purmamarca<\/p>\n<p>En tanto, la Secretaria de Cultura auspicia la realizaci\u00f3n de intervenciones urbanas y talleres de artes a trav\u00e9s del PROGRAMA \"ARTE JOVEN\", mural, beatbox-rap, hip hop, break dance.<\/p>\n<p>Las actividades en el programa \"Verano de Emociones\" de Jujuy, suman proyecciones con las pel\u00edculas ganadoras del \u201cFESTIVAL DE CINE VENTANA ANDINA\u201d, cine bajo las estrellas con producciones nacionales y provinciales, entre otras.<\/p>\n<p>La muestra se extender\u00e1 hasta el 30 de este mes, de 17 a 22 horas, incluyendo diversas actividades al aire libre en inmediaciones del pueblo, y el funcionamiento de stand informativos instalados por los diversos ministerios y \u00e1reas nacionales y provinciales.<\/p>\n<p>Las distintas actividades se llevar\u00e1n a cabo en tres puntos de la localidad de Purmamarca: sobre Ruta 52, kil\u00f3metro 4, a la altura del hotel Manantial del Silencio; en el ingreso al pueblo, en inmediaciones del club deportivo Santa Rosa; y en la plaza 9 de Julio<\/p>\n<p>&nbsp;<\/p>\n","protected":false},"excerpt":{"rendered":"<p>Este fin de semana la programaci\u00f3n con recitales libres y gratuitos comienza \u00e9ste s\u00e1bado con la presentaci\u00f3n de \"Arbolito\", grupo que fusiona folclore y rock con la participaci\u00f3n de la banda local \"Que Mambo\". Mientas que el domingo 25, \"Catupecu Machu\" agrupaci\u00f3n liderada por Fernando Ruiz D\u00edaz har\u00e1 lo propio con la actuaci\u00f3n de los [&hellip;]<\/p>\n","protected":false},"author":1,"featured_media":13717,"comment_status":"open","ping_status":"open","sticky":false,"template":"","format":"standard","meta":{"_stopmodifiedupdate":false,"_modified_date":"","inline_featured_image":false,"spay_email":"","jetpack_publicize_message":""},"categories":[21],"tags":[],"jetpack_featured_media_url":"https:\/\/notinor.com\/jujuy\/wp-content\/uploads\/2015\/01\/arbolito.jpg","jetpack_publicize_connections":[],"_links":{"self":[{"href":"https:\/\/notinor.com\/jujuy\/wp-json\/wp\/v2\/posts\/13716"}],"collection":[{"href":"https:\/\/notinor.com\/jujuy\/wp-json\/wp\/v2\/posts"}],"about":[{"href":"https:\/\/notinor.com\/jujuy\/wp-json\/wp\/v2\/types\/post"}],"author":[{"embeddable":true,"href":"https:\/\/notinor.com\/jujuy\/wp-json\/wp\/v2\/users\/1"}],"replies":[{"embeddable":true,"href":"https:\/\/notinor.com\/jujuy\/wp-json\/wp\/v2\/comments?post=13716"}],"version-history":[{"count":1,"href":"https:\/\/notinor.com\/jujuy\/wp-json\/wp\/v2\/posts\/13716\/revisions"}],"predecessor-version":[{"id":13718,"href":"https:\/\/notinor.com\/jujuy\/wp-json\/wp\/v2\/posts\/13716\/revisions\/13718"}],"wp:featuredmedia":[{"embeddable":true,"href":"https:\/\/notinor.com\/jujuy\/wp-json\/wp\/v2\/media\/13717"}],"wp:attachment":[{"href":"https:\/\/notinor.com\/jujuy\/wp-json\/wp\/v2\/media?parent=13716"}],"wp:term":[{"taxonomy":"category","embeddable":true,"href":"https:\/\/notinor.com\/jujuy\/wp-json\/wp\/v2\/categories?post=13716"},{"taxonomy":"post_tag","embeddable":true,"href":"https:\/\/notinor.com\/jujuy\/wp-json\/wp\/v2\/tags?post=13716"}],"curies":[{"name":"wp","href":"https:\/\/api.w.org\/{rel}","templated":true}]}}