{"id":13697,"date":"2015-01-25T00:24:34","date_gmt":"2015-01-25T03:24:34","guid":{"rendered":"http:\/\/notinor.com\/jujuy\/?p=13697"},"modified":"2015-01-23T23:27:50","modified_gmt":"2015-01-24T02:27:50","slug":"multiples-espacios-artisticos-acercan-a-los-jujenos-a-sus-raices-culturales","status":"publish","type":"post","link":"https:\/\/notinor.com\/jujuy\/multiples-espacios-artisticos-acercan-a-los-jujenos-a-sus-raices-culturales\/","title":{"rendered":"M\u00faltiples espacios art\u00edsticos acercan a los juje\u00f1os a sus ra\u00edces culturales"},"content":{"rendered":"<p>El mes de enero se presenta propicio para el desarrollo de diversas corrientes de expresi\u00f3n cultural en Jujuy.<\/p>\n<p>&nbsp;<\/p>\n<p>En este marco, permanece abierta la convocatoria a participar de la agenda y programaci\u00f3n del Teatro Mitre, atendiendo a los objetivos trazados en el Plan Provincial de Cultura 13\/16, concebido para estimular la profesionalizaci\u00f3n y difundir actividades culturales. Los interesados en recabar m\u00e1s informaci\u00f3n, pueden dirigirse a la Secretar\u00eda de Cultura, ubicada en San Mart\u00edn esquina Sarmiento, en el horario de 8:30 a 12.<\/p>\n<p>&nbsp;<\/p>\n<p>Tambi\u00e9n permanece vigente con todas las ventajas que encierra, el programa \"M\u00fasico Hacedor\", para el cual la Secretar\u00eda pone a disposici\u00f3n los espacios culturales y los canales de comunicaci\u00f3n y el equipamiento t\u00e9cnico para que los artistas locales ofrezcan sus conciertos. Esta iniciativa procura profundizar el proceso de profesionalizaci\u00f3n del colectivo musical.<\/p>\n<p>&nbsp;<\/p>\n<p>Por otra parte, el organismo provincial program\u00f3 el \"Ciclo de danzas tradicionales, tango y folklore\", en el Centro Cultural y Museo \"Macedonio Graz\", a los fines de promover el lenguaje de los bailes tradicionales, adem\u00e1s de proponer que las personas encuentren una forma alternativa de comunicaci\u00f3n, generando espacios de di\u00e1logo con la m\u00fasica y el movimiento. Participar\u00e1n reconocidos docentes de nuestro medio, entre ellos Juanita Zurriable, Diego Duran y Paola Calizaya, de tango; y Mart\u00edn Esquivel, Fernando Rodo y Rub\u00e9n Luna, de folklore.<\/p>\n<p>&nbsp;<\/p>\n<p>Adem\u00e1s, durante el presente mes permanecer\u00e1 abierta la muestra del 1\u00ba Sal\u00f3n Provincial de Artes Visuales 2014, en el Centro de Arte Joven Andino (CAJA) y en el Centro Cultural \u201cCulturarte\u201d, donde se exhiben las obras de los ganadores en las disciplinas de pintura, fotograf\u00eda y grabado del primer concurso para el Sal\u00f3n Provincial de Artes Visuales que se lanz\u00f3 para fomentar el desarrollo, la profesionalizaci\u00f3n y el reconocimiento de los distintos artistas juje\u00f1os y su trabajo.<\/p>\n<p>&nbsp;<\/p>\n<p>En otro orden, la Secretar\u00eda de Cultura inform\u00f3 que se encuentra abierto el per\u00edodo de inscripci\u00f3n para el ciclo lectivo 2015 de la carrera de Realizaci\u00f3n Cinematogr\u00e1fica para las dos primeras sedes regionales de la ENERC: NOA y NEA. Esta propuesta se enmarca en el plan de gesti\u00f3n conjunta establecido para la Escuela Nacional de Experimentaci\u00f3n y Realizaci\u00f3n Cinematogr\u00e1fica (ENERC) y el Gobierno de la provincia de Jujuy, de acuerdo a los lineamientos previstos en el programa 13\/16. Las inscripciones podr\u00e1n registrarse hasta el 30 del corriente.<\/p>\n","protected":false},"excerpt":{"rendered":"<p>El mes de enero se presenta propicio para el desarrollo de diversas corrientes de expresi\u00f3n cultural en Jujuy. &nbsp; En este marco, permanece abierta la convocatoria a participar de la agenda y programaci\u00f3n del Teatro Mitre, atendiendo a los objetivos trazados en el Plan Provincial de Cultura 13\/16, concebido para estimular la profesionalizaci\u00f3n y difundir [&hellip;]<\/p>\n","protected":false},"author":1,"featured_media":13698,"comment_status":"open","ping_status":"open","sticky":false,"template":"","format":"standard","meta":{"_stopmodifiedupdate":false,"_modified_date":"","inline_featured_image":false,"spay_email":"","jetpack_publicize_message":""},"categories":[21],"tags":[],"jetpack_featured_media_url":"https:\/\/notinor.com\/jujuy\/wp-content\/uploads\/2015\/01\/culturarte.jpg","jetpack_publicize_connections":[],"_links":{"self":[{"href":"https:\/\/notinor.com\/jujuy\/wp-json\/wp\/v2\/posts\/13697"}],"collection":[{"href":"https:\/\/notinor.com\/jujuy\/wp-json\/wp\/v2\/posts"}],"about":[{"href":"https:\/\/notinor.com\/jujuy\/wp-json\/wp\/v2\/types\/post"}],"author":[{"embeddable":true,"href":"https:\/\/notinor.com\/jujuy\/wp-json\/wp\/v2\/users\/1"}],"replies":[{"embeddable":true,"href":"https:\/\/notinor.com\/jujuy\/wp-json\/wp\/v2\/comments?post=13697"}],"version-history":[{"count":1,"href":"https:\/\/notinor.com\/jujuy\/wp-json\/wp\/v2\/posts\/13697\/revisions"}],"predecessor-version":[{"id":13699,"href":"https:\/\/notinor.com\/jujuy\/wp-json\/wp\/v2\/posts\/13697\/revisions\/13699"}],"wp:featuredmedia":[{"embeddable":true,"href":"https:\/\/notinor.com\/jujuy\/wp-json\/wp\/v2\/media\/13698"}],"wp:attachment":[{"href":"https:\/\/notinor.com\/jujuy\/wp-json\/wp\/v2\/media?parent=13697"}],"wp:term":[{"taxonomy":"category","embeddable":true,"href":"https:\/\/notinor.com\/jujuy\/wp-json\/wp\/v2\/categories?post=13697"},{"taxonomy":"post_tag","embeddable":true,"href":"https:\/\/notinor.com\/jujuy\/wp-json\/wp\/v2\/tags?post=13697"}],"curies":[{"name":"wp","href":"https:\/\/api.w.org\/{rel}","templated":true}]}}