{"id":13693,"date":"2015-01-24T00:00:23","date_gmt":"2015-01-24T03:00:23","guid":{"rendered":"http:\/\/notinor.com\/jujuy\/?p=13693"},"modified":"2015-01-23T23:17:13","modified_gmt":"2015-01-24T02:17:13","slug":"santa-rita-detenidos-con-moto-de-dudosa-procedencia","status":"publish","type":"post","link":"https:\/\/notinor.com\/jujuy\/santa-rita-detenidos-con-moto-de-dudosa-procedencia\/","title":{"rendered":"SANTA RITA:  DETENIDOS CON MOTO DE DUDOSA PROCEDENCIA"},"content":{"rendered":"<p>Durante la noche del jueves, a la hora 20:20 aproximadamente, en circunstancias que el personal del mencionado cuerpo especial se encontraba realizando recorridos preventivos por calle Monroy, a la altura de la cancha del barrio Santa Rita, advirtieron la presencia de dos sujetos en actitud sospechosa a bordo de una motocicleta Motomel, de 150 cc, de color negro, que presentaba el tambor de arranque violentado.<\/p>\n<p>Ante esto el personal policial les pidi\u00f3 la documentaci\u00f3n del rodado, los cuales no ten\u00edan los protagonistas, por ello se procedi\u00f3 a demorarlos, siendo trasladados hasta la Seccional 32\u00aa, donde tambi\u00e9n qued\u00f3 secuestrado el motorodado.<\/p>\n","protected":false},"excerpt":{"rendered":"<p>Durante la noche del jueves, a la hora 20:20 aproximadamente, en circunstancias que el personal del mencionado cuerpo especial se encontraba realizando recorridos preventivos por calle Monroy, a la altura de la cancha del barrio Santa Rita, advirtieron la presencia de dos sujetos en actitud sospechosa a bordo de una motocicleta Motomel, de 150 cc, [&hellip;]<\/p>\n","protected":false},"author":1,"featured_media":7337,"comment_status":"open","ping_status":"open","sticky":false,"template":"","format":"standard","meta":{"_stopmodifiedupdate":false,"_modified_date":"","inline_featured_image":false,"spay_email":"","jetpack_publicize_message":""},"categories":[3],"tags":[],"jetpack_featured_media_url":"https:\/\/notinor.com\/jujuy\/wp-content\/uploads\/2014\/12\/operativo-motos.jpg","jetpack_publicize_connections":[],"_links":{"self":[{"href":"https:\/\/notinor.com\/jujuy\/wp-json\/wp\/v2\/posts\/13693"}],"collection":[{"href":"https:\/\/notinor.com\/jujuy\/wp-json\/wp\/v2\/posts"}],"about":[{"href":"https:\/\/notinor.com\/jujuy\/wp-json\/wp\/v2\/types\/post"}],"author":[{"embeddable":true,"href":"https:\/\/notinor.com\/jujuy\/wp-json\/wp\/v2\/users\/1"}],"replies":[{"embeddable":true,"href":"https:\/\/notinor.com\/jujuy\/wp-json\/wp\/v2\/comments?post=13693"}],"version-history":[{"count":1,"href":"https:\/\/notinor.com\/jujuy\/wp-json\/wp\/v2\/posts\/13693\/revisions"}],"predecessor-version":[{"id":13694,"href":"https:\/\/notinor.com\/jujuy\/wp-json\/wp\/v2\/posts\/13693\/revisions\/13694"}],"wp:featuredmedia":[{"embeddable":true,"href":"https:\/\/notinor.com\/jujuy\/wp-json\/wp\/v2\/media\/7337"}],"wp:attachment":[{"href":"https:\/\/notinor.com\/jujuy\/wp-json\/wp\/v2\/media?parent=13693"}],"wp:term":[{"taxonomy":"category","embeddable":true,"href":"https:\/\/notinor.com\/jujuy\/wp-json\/wp\/v2\/categories?post=13693"},{"taxonomy":"post_tag","embeddable":true,"href":"https:\/\/notinor.com\/jujuy\/wp-json\/wp\/v2\/tags?post=13693"}],"curies":[{"name":"wp","href":"https:\/\/api.w.org\/{rel}","templated":true}]}}