{"id":136758,"date":"2017-09-24T00:00:29","date_gmt":"2017-09-24T03:00:29","guid":{"rendered":"http:\/\/notinor.com\/jujuy\/?p=136758"},"modified":"2017-09-24T00:34:23","modified_gmt":"2017-09-24T03:34:23","slug":"jujuy-alto-comedero-el-gobierno-nacional-invierte-mas-de-485-millones-de-pesos-en-obras","status":"publish","type":"post","link":"https:\/\/notinor.com\/jujuy\/jujuy-alto-comedero-el-gobierno-nacional-invierte-mas-de-485-millones-de-pesos-en-obras\/","title":{"rendered":"Jujuy - Alto Comedero: El Gobierno nacional invierte m\u00e1s de 485 millones de pesos en obras"},"content":{"rendered":"<p dir=\"ltr\">El ministro del Interior, Obras P\u00fablicas y Vivienda, Rogelio Frigerio, y el gobernador de Jujuy, Gerardo Morales, inauguraron hoy la Avenida Forestal en Alto Comedero y recorrieron diversas obras que el Gobierno nacional viene realizando en ese barrio, entre ellas las obras de\u00a0 urbanizaci\u00f3n integral donde se est\u00e1n invirtiendo unos 260 millones de pesos para beneficiar a 1500 familias.<\/p>\n<p dir=\"ltr\">\u201cAlto Comedero es uno de los barrios m\u00e1s populosos que tiene la ciudad, un tercio de los habitantes vive ac\u00e1, pero por sobre todo tiene la caracter\u00edstica de haber sido uno de los barrios que m\u00e1s creci\u00f3 en los \u00faltimos tiempos y donde tambi\u00e9n el Estado estuvo m\u00e1s ausente. Eso es lo que vimos con el Gobernador cuando los dos asumimos la responsabilidad de gobierno, hab\u00eda que volcar gran parte de los recursos que ten\u00edamos destinados para Jujuy en esta zona y por eso de los 3.500 millones de pesos que desde el Ministerio de Interior, Obras P\u00fablicas y Vivienda se est\u00e1n ejecutando en la Provincia m\u00e1s de 500 millones de pesos lo volcamos en este barrio\u201d, se\u00f1al\u00f3 el ministro Frigerio en el acto en el que tambi\u00e9n particip\u00f3 el intendente de la ciudad de San Salvador de Jujuy, Ra\u00fal Jorge.<\/p>\n<p dir=\"ltr\">Frigerio, adem\u00e1s, destac\u00f3 que el Gobierno nacional \u201ctodos los d\u00edas est\u00e1 inaugurando obras de este plan de infraestructura m\u00e1s ambicioso de la historia de la Argentina\u201d que est\u00e1 llevando adelante el presidente Mauricio Macri y recalc\u00f3 que estos proyectos ya concretados \u201cle est\u00e1n transformando la vida a la gente y le est\u00e1n dando dignidad a vecinos que hab\u00edan sido olvidados durante muchos a\u00f1os por el Estado\u201d.<\/p>\n<p dir=\"ltr\"><a href=\"http:\/\/notinor.com\/jujuy\/wp-content\/uploads\/2017\/09\/av-forestal1.jpg\"><img decoding=\"async\" loading=\"lazy\" class=\"size-large wp-image-136766 aligncenter\" src=\"http:\/\/notinor.com\/jujuy\/wp-content\/uploads\/2017\/09\/av-forestal1-800x644.jpg\" alt=\"av forestal1\" width=\"800\" height=\"644\" srcset=\"https:\/\/notinor.com\/jujuy\/wp-content\/uploads\/2017\/09\/av-forestal1-800x644.jpg 800w, https:\/\/notinor.com\/jujuy\/wp-content\/uploads\/2017\/09\/av-forestal1-300x242.jpg 300w\" sizes=\"(max-width: 800px) 100vw, 800px\" \/><\/a><\/p>\n<p dir=\"ltr\">El ministro y el gobernador dejaron inaugurada en Alto Comedero, en San Salvador de Jujuy, la Avenida Forestal que une la ruta nacional N\u00b0 9 con la ruta nacional n\u00b0 66. El monto de la obra fue de $225.608.468 y fue financiada a trav\u00e9s de un pr\u00e9stamo del CAF.<\/p>\n<p dir=\"ltr\">Adem\u00e1s, Frigerio y Morales recorrieron obras de pavimentaci\u00f3n que forman parte de la primera y segunda etapa de los trabajos que se est\u00e1n haciendo en la zona llamada \u201c150 hect\u00e1reas\u201d\u00a0 de la misma barriada que incluyen la ampliaci\u00f3n de las redes de agua y cloaca con conexiones domiciliarias, calles con cord\u00f3n cuneta, badenes y veredas iluminadas, incorporaci\u00f3n de nuevo mobiliario urbano, estaciones saludables y recreativas, mejoramiento de espacios verdes, un portal H\u00e1bitat y un N\u00facleo de Innovaci\u00f3n y Desarrollo de Oportunidades (NIDO).<\/p>\n<p dir=\"ltr\">Estas obras, realizadas en el marco del Plan Belgrano,\u00a0 se llevan adelante en dos etapas. La primera tiene un presupuesto de $104.100.375, de los cuales ya se desembolsaron $46.845.168; mientras que la segunda etapa prev\u00e9 una inversi\u00f3n de $96.068.204 y ya fueron desembolsados $43.230.691.<\/p>\n<p dir=\"ltr\">Adem\u00e1s, tambi\u00e9n en Alto Comedero, en la zona de 27 Hect\u00e1reas, se est\u00e1n realizando obras de h\u00e1bitat por $59.368.449 de los cuales ya fueron desembolsados: $ 14.842.112.<\/p>\n<p dir=\"ltr\">En tanto, Frigerio y Morales recorrieron las obras en el R\u00edo Xibi Xibi que forman parte del proyecto de renovaci\u00f3n urbana m\u00e1s importante de la provincia para transformar integralmente el espacio p\u00fablico de la ciudad, hist\u00f3ricamente desaprovechado.<\/p>\n<p dir=\"ltr\">La obra se divide en dos etapas, de las cuales la primera se encuentra en ejecuci\u00f3n y la segunda est\u00e1 pr\u00f3xima a iniciar. Atraviesa la ciudad de San Salvador de Jujuy sumando nuevos espacios de encuentro y recuperando el r\u00edo para todos los vecinos de San Salvador.<\/p>\n<p dir=\"ltr\">Con estos trabajos se beneficiar\u00e1n alrededor de 300 mil personas y el monto de inversi\u00f3n total es de 207 millones de pesos.<\/p>\n","protected":false},"excerpt":{"rendered":"<p>El ministro del Interior, Obras P\u00fablicas y Vivienda, Rogelio Frigerio, y el gobernador de Jujuy, Gerardo Morales, inauguraron hoy la Avenida Forestal en Alto Comedero y recorrieron diversas obras que el Gobierno nacional viene realizando en ese barrio, entre ellas las obras de\u00a0 urbanizaci\u00f3n integral donde se est\u00e1n invirtiendo unos 260 millones de pesos para [&hellip;]<\/p>\n","protected":false},"author":1,"featured_media":136763,"comment_status":"open","ping_status":"open","sticky":false,"template":"","format":"standard","meta":{"_stopmodifiedupdate":false,"_modified_date":"","inline_featured_image":false},"categories":[493],"tags":[],"jetpack_featured_media_url":"https:\/\/notinor.com\/jujuy\/wp-content\/uploads\/2017\/09\/av-forestal.jpg","_links":{"self":[{"href":"https:\/\/notinor.com\/jujuy\/wp-json\/wp\/v2\/posts\/136758"}],"collection":[{"href":"https:\/\/notinor.com\/jujuy\/wp-json\/wp\/v2\/posts"}],"about":[{"href":"https:\/\/notinor.com\/jujuy\/wp-json\/wp\/v2\/types\/post"}],"author":[{"embeddable":true,"href":"https:\/\/notinor.com\/jujuy\/wp-json\/wp\/v2\/users\/1"}],"replies":[{"embeddable":true,"href":"https:\/\/notinor.com\/jujuy\/wp-json\/wp\/v2\/comments?post=136758"}],"version-history":[{"count":2,"href":"https:\/\/notinor.com\/jujuy\/wp-json\/wp\/v2\/posts\/136758\/revisions"}],"predecessor-version":[{"id":136914,"href":"https:\/\/notinor.com\/jujuy\/wp-json\/wp\/v2\/posts\/136758\/revisions\/136914"}],"wp:featuredmedia":[{"embeddable":true,"href":"https:\/\/notinor.com\/jujuy\/wp-json\/wp\/v2\/media\/136763"}],"wp:attachment":[{"href":"https:\/\/notinor.com\/jujuy\/wp-json\/wp\/v2\/media?parent=136758"}],"wp:term":[{"taxonomy":"category","embeddable":true,"href":"https:\/\/notinor.com\/jujuy\/wp-json\/wp\/v2\/categories?post=136758"},{"taxonomy":"post_tag","embeddable":true,"href":"https:\/\/notinor.com\/jujuy\/wp-json\/wp\/v2\/tags?post=136758"}],"curies":[{"name":"wp","href":"https:\/\/api.w.org\/{rel}","templated":true}]}}