{"id":13674,"date":"2015-01-24T00:01:32","date_gmt":"2015-01-24T03:01:32","guid":{"rendered":"http:\/\/notinor.com\/jujuy\/?p=13674"},"modified":"2015-01-23T22:36:34","modified_gmt":"2015-01-24T01:36:34","slug":"felipe-sola-sobre-la-cumbre-del-pj-llego-zannini-con-un-papel-y-dijo-esto-es-lo-que-hay-que-decir","status":"publish","type":"post","link":"https:\/\/notinor.com\/jujuy\/felipe-sola-sobre-la-cumbre-del-pj-llego-zannini-con-un-papel-y-dijo-esto-es-lo-que-hay-que-decir\/","title":{"rendered":"Felipe Sol\u00e1, sobre la cumbre del PJ: \"Lleg\u00f3 Zannini con un papel y dijo: esto es lo que hay que decir\""},"content":{"rendered":"<p>El diputado nacional por el Frente Renovador Felipe Sol\u00e1 critic\u00f3 la declaraci\u00f3n que realiz\u00f3 ayer el Congreso del Partido Justicialista (PJ) Nacional y dijo que fue un mensaje de respaldo a la Presidenta Cristina Kirchner : \"Ayer, el PJ hizo una expresi\u00f3n para la Presidenta , no para el pueblo. Es una gran corte. Esto no fue discutido\".<\/p>\n<p>\"Lleg\u00f3 Zannini con un papel y dijo: esto es lo que hay que decir\", agreg\u00f3 Sol\u00e1 sobre el mensaje que leyeron los peronistas.<\/p>\n<p>El diputado dijo que \"hay una conmoci\u00f3n p\u00fablica muy grande y un sentimiento popular muy extendido, desde el lunes a la ma\u00f1ana, y sin embargo el PJ sali\u00f3 ayer a hacer una expresi\u00f3n p\u00fablica para la Presidenta no para el p\u00fablico\", y sum\u00f3 \"est\u00e1n obligados a estar ah\u00ed, porque hay una dependencia pol\u00edtica\".<\/p>\n<p>\"Todo tipo que opina sobre la muerte de Nisman , porque parece que solo debiera opinar la gente del PJ o nadie, es un especulador, o un carancho, o un golpista\", sentenci\u00f3 Sol\u00e1 y dijo: \"acusaron a los Servicios de Inteligencia, pero ellos mismos los fomentaron durante a\u00f1os\".<\/p>\n","protected":false},"excerpt":{"rendered":"<p>El diputado nacional por el Frente Renovador Felipe Sol\u00e1 critic\u00f3 la declaraci\u00f3n que realiz\u00f3 ayer el Congreso del Partido Justicialista (PJ) Nacional y dijo que fue un mensaje de respaldo a la Presidenta Cristina Kirchner : \"Ayer, el PJ hizo una expresi\u00f3n para la Presidenta , no para el pueblo. Es una gran corte. Esto [&hellip;]<\/p>\n","protected":false},"author":1,"featured_media":13675,"comment_status":"open","ping_status":"open","sticky":false,"template":"","format":"standard","meta":{"_stopmodifiedupdate":false,"_modified_date":"","inline_featured_image":false,"spay_email":"","jetpack_publicize_message":""},"categories":[5],"tags":[],"jetpack_featured_media_url":"https:\/\/notinor.com\/jujuy\/wp-content\/uploads\/2015\/01\/sola-cumbre.jpg","jetpack_publicize_connections":[],"_links":{"self":[{"href":"https:\/\/notinor.com\/jujuy\/wp-json\/wp\/v2\/posts\/13674"}],"collection":[{"href":"https:\/\/notinor.com\/jujuy\/wp-json\/wp\/v2\/posts"}],"about":[{"href":"https:\/\/notinor.com\/jujuy\/wp-json\/wp\/v2\/types\/post"}],"author":[{"embeddable":true,"href":"https:\/\/notinor.com\/jujuy\/wp-json\/wp\/v2\/users\/1"}],"replies":[{"embeddable":true,"href":"https:\/\/notinor.com\/jujuy\/wp-json\/wp\/v2\/comments?post=13674"}],"version-history":[{"count":1,"href":"https:\/\/notinor.com\/jujuy\/wp-json\/wp\/v2\/posts\/13674\/revisions"}],"predecessor-version":[{"id":13676,"href":"https:\/\/notinor.com\/jujuy\/wp-json\/wp\/v2\/posts\/13674\/revisions\/13676"}],"wp:featuredmedia":[{"embeddable":true,"href":"https:\/\/notinor.com\/jujuy\/wp-json\/wp\/v2\/media\/13675"}],"wp:attachment":[{"href":"https:\/\/notinor.com\/jujuy\/wp-json\/wp\/v2\/media?parent=13674"}],"wp:term":[{"taxonomy":"category","embeddable":true,"href":"https:\/\/notinor.com\/jujuy\/wp-json\/wp\/v2\/categories?post=13674"},{"taxonomy":"post_tag","embeddable":true,"href":"https:\/\/notinor.com\/jujuy\/wp-json\/wp\/v2\/tags?post=13674"}],"curies":[{"name":"wp","href":"https:\/\/api.w.org\/{rel}","templated":true}]}}