{"id":13671,"date":"2015-01-24T00:00:52","date_gmt":"2015-01-24T03:00:52","guid":{"rendered":"http:\/\/notinor.com\/jujuy\/?p=13671"},"modified":"2015-01-23T22:30:04","modified_gmt":"2015-01-24T01:30:04","slug":"nuevo-reves-judicial-para-el-gobierno-y-gils-carbo","status":"publish","type":"post","link":"https:\/\/notinor.com\/jujuy\/nuevo-reves-judicial-para-el-gobierno-y-gils-carbo\/","title":{"rendered":"Nuevo rev\u00e9s judicial para el Gobierno y Gils Carb\u00f3"},"content":{"rendered":"<p>El juez de feria en el fuero de lo Contencioso Administrativo Federal Esteban Furnari dispuso hoy una medida cautelar que suspende definitivamente la posibilidad de que los 16 fiscales subrogantes designados a fin del a\u00f1o pasado por la Procuradora General de la Naci\u00f3n, Alejandra Gils Carb\u00f3 , asuman sus funciones el 2 de febrero pr\u00f3ximo.<\/p>\n<p>El juez hizo lugar al pedido de \"medida cautelar\" formulado por la Asociaci\u00f3n de Magistrados, que nuclea a jueces, fiscales y funcionarios de alto rango del Poder Judicial.<\/p>\n<p>El juez acept\u00f3 que la designaci\u00f3n de los fiscales est\u00e1 en consonancia con la entrada en vigencia de la reforma del C\u00f3digo Procesal Penal, que a\u00fan no fue implementada y necesita una ley especial para ello.<\/p>\n<p>El juez dispuso suspender la asunci\u00f3n, que ya estaba provisoriamente frenada a trav\u00e9s del dictado de varias medidas \"precautelares\".<\/p>\n<p>La nueva suspensi\u00f3n para la asunci\u00f3n de los fiscales tendr\u00e1 vigencia por seis meses, seg\u00fan dispuso el juez.<\/p>\n<p>La medida es apelable ante la C\u00e1mara en lo Contencioso Administrativo federal.<\/p>\n","protected":false},"excerpt":{"rendered":"<p>El juez de feria en el fuero de lo Contencioso Administrativo Federal Esteban Furnari dispuso hoy una medida cautelar que suspende definitivamente la posibilidad de que los 16 fiscales subrogantes designados a fin del a\u00f1o pasado por la Procuradora General de la Naci\u00f3n, Alejandra Gils Carb\u00f3 , asuman sus funciones el 2 de febrero pr\u00f3ximo. [&hellip;]<\/p>\n","protected":false},"author":1,"featured_media":13672,"comment_status":"open","ping_status":"open","sticky":false,"template":"","format":"standard","meta":{"_stopmodifiedupdate":false,"_modified_date":"","inline_featured_image":false,"spay_email":"","jetpack_publicize_message":""},"categories":[5],"tags":[],"jetpack_featured_media_url":"https:\/\/notinor.com\/jujuy\/wp-content\/uploads\/2015\/01\/gils-carbo-enojada1.jpg","jetpack_publicize_connections":[],"_links":{"self":[{"href":"https:\/\/notinor.com\/jujuy\/wp-json\/wp\/v2\/posts\/13671"}],"collection":[{"href":"https:\/\/notinor.com\/jujuy\/wp-json\/wp\/v2\/posts"}],"about":[{"href":"https:\/\/notinor.com\/jujuy\/wp-json\/wp\/v2\/types\/post"}],"author":[{"embeddable":true,"href":"https:\/\/notinor.com\/jujuy\/wp-json\/wp\/v2\/users\/1"}],"replies":[{"embeddable":true,"href":"https:\/\/notinor.com\/jujuy\/wp-json\/wp\/v2\/comments?post=13671"}],"version-history":[{"count":1,"href":"https:\/\/notinor.com\/jujuy\/wp-json\/wp\/v2\/posts\/13671\/revisions"}],"predecessor-version":[{"id":13673,"href":"https:\/\/notinor.com\/jujuy\/wp-json\/wp\/v2\/posts\/13671\/revisions\/13673"}],"wp:featuredmedia":[{"embeddable":true,"href":"https:\/\/notinor.com\/jujuy\/wp-json\/wp\/v2\/media\/13672"}],"wp:attachment":[{"href":"https:\/\/notinor.com\/jujuy\/wp-json\/wp\/v2\/media?parent=13671"}],"wp:term":[{"taxonomy":"category","embeddable":true,"href":"https:\/\/notinor.com\/jujuy\/wp-json\/wp\/v2\/categories?post=13671"},{"taxonomy":"post_tag","embeddable":true,"href":"https:\/\/notinor.com\/jujuy\/wp-json\/wp\/v2\/tags?post=13671"}],"curies":[{"name":"wp","href":"https:\/\/api.w.org\/{rel}","templated":true}]}}