{"id":13626,"date":"2015-01-23T17:04:51","date_gmt":"2015-01-23T20:04:51","guid":{"rendered":"http:\/\/notinor.com\/jujuy\/?p=13626"},"modified":"2015-01-23T20:03:35","modified_gmt":"2015-01-23T23:03:35","slug":"causa-nisman-prohiben-la-salida-del-pais-de-un-hombre-que-no-aparece","status":"publish","type":"post","link":"https:\/\/notinor.com\/jujuy\/causa-nisman-prohiben-la-salida-del-pais-de-un-hombre-que-no-aparece\/","title":{"rendered":"Causa Nisman:  prohiben la salida del pa\u00eds de Diego Lagomarsino"},"content":{"rendered":"<p>\"A los efectos de tenerlo a derecho, cualquiera sea su situaci\u00f3n procesal, la fiscal solicit\u00f3 y la jueza dispuso la restricci\u00f3n de salida del pa\u00eds de Lagomarsino, luego de reiterados intentos por ubicarlo\", expres\u00f3 Fein mediante un comunicado difundido esta tarde.<\/p>\n<p>Lagomarsino se hab\u00eda presentado espont\u00e1neamente en lunes a declarar por el contacto que hab\u00eda mantenido el s\u00e1bado con Nisman. Seg\u00fan public\u00f3 el diario Clar\u00edn, el licenciado en sistema de 35 a\u00f1os pidi\u00f3 por escrito permiso a la jueza para poder irse de vacaciones a la costa atl\u00e1ntica.<\/p>\n<p>La fiscal Fein desminti\u00f3 en el comunicado que Lagomarsino se encontrara custodiado por 15 polic\u00edas en un hotel porte\u00f1o. \"Ni ella ni la jueza dispusieron protecci\u00f3n a Diego Lagomarsino. La ministra de Seguridad de la Naci\u00f3n notific\u00f3 que ninguna de las fuerzas federales tiene a su cargo medidas de protecci\u00f3n de alguna \u00edndole. El jefe de la Polic\u00eda Metropolitana confirm\u00f3 que esa fuerza tampoco orden\u00f3 custodiar a Lagomarsino\".<\/p>\n<p>Minutos despu\u00e9s de emitido el comunicado, fuentes cercanas a la causa afirmaron que Lagomarsino se comunic\u00f3 telef\u00f3nicamente con la Fiscal\u00eda para ponerse a disposici\u00f3n.<\/p>\n","protected":false},"excerpt":{"rendered":"<p>\"A los efectos de tenerlo a derecho, cualquiera sea su situaci\u00f3n procesal, la fiscal solicit\u00f3 y la jueza dispuso la restricci\u00f3n de salida del pa\u00eds de Lagomarsino, luego de reiterados intentos por ubicarlo\", expres\u00f3 Fein mediante un comunicado difundido esta tarde. Lagomarsino se hab\u00eda presentado espont\u00e1neamente en lunes a declarar por el contacto que hab\u00eda [&hellip;]<\/p>\n","protected":false},"author":1,"featured_media":13627,"comment_status":"open","ping_status":"open","sticky":false,"template":"","format":"standard","meta":{"_stopmodifiedupdate":false,"_modified_date":"","inline_featured_image":false,"spay_email":"","jetpack_publicize_message":""},"categories":[5],"tags":[],"jetpack_featured_media_url":"https:\/\/notinor.com\/jujuy\/wp-content\/uploads\/2015\/01\/causa-nisman-lagomarsino.jpg","jetpack_publicize_connections":[],"_links":{"self":[{"href":"https:\/\/notinor.com\/jujuy\/wp-json\/wp\/v2\/posts\/13626"}],"collection":[{"href":"https:\/\/notinor.com\/jujuy\/wp-json\/wp\/v2\/posts"}],"about":[{"href":"https:\/\/notinor.com\/jujuy\/wp-json\/wp\/v2\/types\/post"}],"author":[{"embeddable":true,"href":"https:\/\/notinor.com\/jujuy\/wp-json\/wp\/v2\/users\/1"}],"replies":[{"embeddable":true,"href":"https:\/\/notinor.com\/jujuy\/wp-json\/wp\/v2\/comments?post=13626"}],"version-history":[{"count":2,"href":"https:\/\/notinor.com\/jujuy\/wp-json\/wp\/v2\/posts\/13626\/revisions"}],"predecessor-version":[{"id":13643,"href":"https:\/\/notinor.com\/jujuy\/wp-json\/wp\/v2\/posts\/13626\/revisions\/13643"}],"wp:featuredmedia":[{"embeddable":true,"href":"https:\/\/notinor.com\/jujuy\/wp-json\/wp\/v2\/media\/13627"}],"wp:attachment":[{"href":"https:\/\/notinor.com\/jujuy\/wp-json\/wp\/v2\/media?parent=13626"}],"wp:term":[{"taxonomy":"category","embeddable":true,"href":"https:\/\/notinor.com\/jujuy\/wp-json\/wp\/v2\/categories?post=13626"},{"taxonomy":"post_tag","embeddable":true,"href":"https:\/\/notinor.com\/jujuy\/wp-json\/wp\/v2\/tags?post=13626"}],"curies":[{"name":"wp","href":"https:\/\/api.w.org\/{rel}","templated":true}]}}