{"id":136040,"date":"2017-09-19T17:31:26","date_gmt":"2017-09-19T20:31:26","guid":{"rendered":"http:\/\/notinor.com\/jujuy\/?p=136040"},"modified":"2017-09-19T17:31:26","modified_gmt":"2017-09-19T20:31:26","slug":"preparativos-para-el-dia-internacional-de-la-paz","status":"publish","type":"post","link":"https:\/\/notinor.com\/jujuy\/preparativos-para-el-dia-internacional-de-la-paz\/","title":{"rendered":"Preparativos para el \"D\u00eda Internacional de la Paz\""},"content":{"rendered":"<div>La Comisi\u00f3n de Ambiente de la Legislatura, que preside la diputada Victoria Luna Murillo (UCR), se reuni\u00f3 esta ma\u00f1ana con representantes de diversas instituciones, entre ellos de la Comisi\u00f3n de Derechos Humanos del Colegio de Abogados de Jujuy y de la Fundaci\u00f3n AVES (Ambiente, Vida, Educaci\u00f3n y Sustentabilidad), con el fin de programar los actos por el D\u00eda Internacional de la Paz, que se cumplir\u00e1n este jueves a partir de las 9.30 en plaza Belgrano de esta capital.<\/div>\n<div><a href=\"http:\/\/notinor.com\/jujuy\/wp-content\/uploads\/2017\/09\/paz11.jpg\"><img decoding=\"async\" loading=\"lazy\" class=\"alignnone size-large wp-image-136057\" src=\"http:\/\/notinor.com\/jujuy\/wp-content\/uploads\/2017\/09\/paz11-800x536.jpg\" alt=\"paz1\" width=\"800\" height=\"536\" srcset=\"https:\/\/notinor.com\/jujuy\/wp-content\/uploads\/2017\/09\/paz11-800x536.jpg 800w, https:\/\/notinor.com\/jujuy\/wp-content\/uploads\/2017\/09\/paz11-300x201.jpg 300w\" sizes=\"(max-width: 800px) 100vw, 800px\" \/><\/a><\/div>\n<div>Seg\u00fan informaron la diputada Luna Murillo y el Dr.Agust\u00edn Garlatti, presidente de la Comisi\u00f3n de DDHH del Colegio de Abogados, dichos actos tambi\u00e9n ser\u00e1n organizados por la Municipalidad de San Salvador de Jujuy y el Gobierno provincial, recordando que la Provincia se encuentra adherida, mediante la Ley 5867, a la Ley nacional 26.819 por la cual se declara el 21 de septiembre de cada a\u00f1o como D\u00eda Internacional de la Paz, en adhesi\u00f3n tambi\u00e9n a las resoluciones 36\/67 y 55\/282 de la Asamblea General de las Naciones Unidas.<\/div>\n<div><\/div>\n<div>En el acto de este jueves tambi\u00e9n se entregar\u00e1n a diferentes instituciones de la sociedad Banderas de la Paz, a fin de promover este s\u00edmbolo de unidad e integraci\u00f3n entre todos, a pesar de las diferencias.<\/div>\n<div>Luna Murillo se\u00f1al\u00f3 que tal celebraci\u00f3n, que tambi\u00e9n cuenta con el apoyo de la Legislatura y del bloque de diputados del radicalismo, es importante en el contexto actual que se realiza, cuando el Gobierno provincial recuper\u00f3 la paz social en una provincia que se caracterizaba por los hechos de violencia, junto con la uni\u00f3n y el trabajo.<\/div>\n<div>A su turno Garlatti apunt\u00f3 que la iniciativa del acto marca una postura frente a un ideal como lo es la paz, ya que se aspira a una sociedad en la que haya tolerancia, solidaridad, valorizaci\u00f3n de la cultura, respeto y no discriminaci\u00f3n, y \"este acto del jueves, entendemos, nos compromete a todos a luchar por la paz\", que es una de las condiciones de vida fundamentales que quiere cualquier persona.<\/div>\n<div><img decoding=\"async\" loading=\"lazy\" class=\"alignnone size-large wp-image-136056\" src=\"http:\/\/notinor.com\/jujuy\/wp-content\/uploads\/2017\/09\/paz1-800x536.jpg\" alt=\"paz\" width=\"800\" height=\"536\" srcset=\"https:\/\/notinor.com\/jujuy\/wp-content\/uploads\/2017\/09\/paz1-800x536.jpg 800w, https:\/\/notinor.com\/jujuy\/wp-content\/uploads\/2017\/09\/paz1-300x201.jpg 300w\" sizes=\"(max-width: 800px) 100vw, 800px\" \/><\/div>\n","protected":false},"excerpt":{"rendered":"<p>La Comisi\u00f3n de Ambiente de la Legislatura, que preside la diputada Victoria Luna Murillo (UCR), se reuni\u00f3 esta ma\u00f1ana con representantes de diversas instituciones, entre ellos de la Comisi\u00f3n de Derechos Humanos del Colegio de Abogados de Jujuy y de la Fundaci\u00f3n AVES (Ambiente, Vida, Educaci\u00f3n y Sustentabilidad), con el fin de programar los actos [&hellip;]<\/p>\n","protected":false},"author":1,"featured_media":136056,"comment_status":"open","ping_status":"open","sticky":false,"template":"","format":"standard","meta":{"_stopmodifiedupdate":false,"_modified_date":"","inline_featured_image":false},"categories":[13],"tags":[],"jetpack_featured_media_url":"https:\/\/notinor.com\/jujuy\/wp-content\/uploads\/2017\/09\/paz1.jpg","_links":{"self":[{"href":"https:\/\/notinor.com\/jujuy\/wp-json\/wp\/v2\/posts\/136040"}],"collection":[{"href":"https:\/\/notinor.com\/jujuy\/wp-json\/wp\/v2\/posts"}],"about":[{"href":"https:\/\/notinor.com\/jujuy\/wp-json\/wp\/v2\/types\/post"}],"author":[{"embeddable":true,"href":"https:\/\/notinor.com\/jujuy\/wp-json\/wp\/v2\/users\/1"}],"replies":[{"embeddable":true,"href":"https:\/\/notinor.com\/jujuy\/wp-json\/wp\/v2\/comments?post=136040"}],"version-history":[{"count":1,"href":"https:\/\/notinor.com\/jujuy\/wp-json\/wp\/v2\/posts\/136040\/revisions"}],"predecessor-version":[{"id":136058,"href":"https:\/\/notinor.com\/jujuy\/wp-json\/wp\/v2\/posts\/136040\/revisions\/136058"}],"wp:featuredmedia":[{"embeddable":true,"href":"https:\/\/notinor.com\/jujuy\/wp-json\/wp\/v2\/media\/136056"}],"wp:attachment":[{"href":"https:\/\/notinor.com\/jujuy\/wp-json\/wp\/v2\/media?parent=136040"}],"wp:term":[{"taxonomy":"category","embeddable":true,"href":"https:\/\/notinor.com\/jujuy\/wp-json\/wp\/v2\/categories?post=136040"},{"taxonomy":"post_tag","embeddable":true,"href":"https:\/\/notinor.com\/jujuy\/wp-json\/wp\/v2\/tags?post=136040"}],"curies":[{"name":"wp","href":"https:\/\/api.w.org\/{rel}","templated":true}]}}