{"id":136017,"date":"2017-09-19T16:51:51","date_gmt":"2017-09-19T19:51:51","guid":{"rendered":"http:\/\/notinor.com\/jujuy\/?p=136017"},"modified":"2017-09-19T17:03:55","modified_gmt":"2017-09-19T20:03:55","slug":"haquim-bono-verde-este-es-el-paso-inicial-para-un-desarrollo-diferente-en-la-provincia","status":"publish","type":"post","link":"https:\/\/notinor.com\/jujuy\/haquim-bono-verde-este-es-el-paso-inicial-para-un-desarrollo-diferente-en-la-provincia\/","title":{"rendered":"Haquim: \"Este es el paso inicial para un desarrollo diferente en la Provincia\""},"content":{"rendered":"<p>Al ser consultado acerca de la labor legislativa, el Presidente de la Legislatura afirm\u00f3 que se trabajar\u00e1 para que las comisiones emitan despacho en comisi\u00f3n y se sesione la pr\u00f3xima semana. Coment\u00f3 que la mayor\u00eda de los proyectos pendientes son de resoluci\u00f3n y declaraci\u00f3n, salvo el de reducci\u00f3n de tributos para los cr\u00e9ditos hipotecarios para la construcci\u00f3n de viviendas \u00fanicas.<\/p>\n<p>Respecto del \"bono verde\", Haquim explic\u00f3 que la concreci\u00f3n del mismo es la prueba de que Jujuy est\u00e1 empezando a insertarse en el mundo, tanto financiero como cultural. \"Todo esto es posible a partir de la seguridad jur\u00eddica, que antes no hab\u00eda. Este es el paso inicial para un desarrollo diferente en la Provincia, que m\u00e1s adelante abrir\u00e1 la puerta a proyectos que vendr\u00e1n a mejorar las condiciones de vida\", agreg\u00f3.<\/p>\n<div>\n<dl id=\"attachment_136041\">\n<dt><a href=\"http:\/\/notinor.com\/jujuy\/wp-content\/uploads\/2017\/09\/cpn-haquim.jpg\"><img decoding=\"async\" loading=\"lazy\" src=\"http:\/\/notinor.com\/jujuy\/wp-content\/uploads\/2017\/09\/cpn-haquim-800x534.jpg\" alt=\"????????????????????????????????????\" width=\"800\" height=\"534\" \/><\/a><\/dt>\n<dd><\/dd>\n<\/dl>\n<\/div>\n<p>Al referirse a la coparticipaci\u00f3n, el Vicegobernador coment\u00f3 que esperaba que el gobierno nacional descentralice los fondos pero que es algo que hasta ahora no ocurri\u00f3. Destac\u00f3 que los problemas de la Provincia asomaron en el 87 cuando empezaron a ceder los \u00edndices de coparticipaci\u00f3n, lo que gener\u00f3 la centralizaci\u00f3n de recursos de la Naci\u00f3n y el empobrecimiento de las provincias. \"Para realizar cualquier obra que necesite Jujuy tenemos que recurrir a la Naci\u00f3n, pese a que esos fondos son de la Provincia\", concluy\u00f3 al respecto.<\/p>\n<p>Durante la conferencia, \u00a0Haquim tambi\u00e9n hizo menci\u00f3n de otros proyectos que beneficien el medio ambiente. Explic\u00f3 que el Gobernador, C.P.N. Gerardo Morales, \u00a0tiene en carpeta uno elaborado por empresas chinas para un nuevo parque solar, de mil megas, que se pondr\u00eda en marcha una vez que funcione Cauchari. Y destac\u00f3 que existe la posibilidad de concretar otro proyecto de 500 megas, de energ\u00eda combinada, energ\u00eda solar y producida por los diques.<\/p>\n<p>Para finalizar, se refiri\u00f3 al D\u00eda mundial de la Paz que se celebra el jueves: \"es un d\u00eda de reflexi\u00f3n, en especial para Jujuy, porque hace poco que la recuperamos. La forma en la que vivimos es mejor que la anterior, m\u00e1s all\u00e1 de estar de acuerdo o no con el gobierno, la gente puede salir tranquila a la calle. Tenemos que celebrar que es un m\u00e9rito de todos los juje\u00f1os\".<\/p>\n","protected":false},"excerpt":{"rendered":"<p>Al ser consultado acerca de la labor legislativa, el Presidente de la Legislatura afirm\u00f3 que se trabajar\u00e1 para que las comisiones emitan despacho en comisi\u00f3n y se sesione la pr\u00f3xima semana. Coment\u00f3 que la mayor\u00eda de los proyectos pendientes son de resoluci\u00f3n y declaraci\u00f3n, salvo el de reducci\u00f3n de tributos para los cr\u00e9ditos hipotecarios para [&hellip;]<\/p>\n","protected":false},"author":1,"featured_media":136046,"comment_status":"open","ping_status":"open","sticky":false,"template":"","format":"standard","meta":{"_stopmodifiedupdate":false,"_modified_date":"","inline_featured_image":false},"categories":[485],"tags":[],"jetpack_featured_media_url":"https:\/\/notinor.com\/jujuy\/wp-content\/uploads\/2017\/09\/bono-verde.jpg","_links":{"self":[{"href":"https:\/\/notinor.com\/jujuy\/wp-json\/wp\/v2\/posts\/136017"}],"collection":[{"href":"https:\/\/notinor.com\/jujuy\/wp-json\/wp\/v2\/posts"}],"about":[{"href":"https:\/\/notinor.com\/jujuy\/wp-json\/wp\/v2\/types\/post"}],"author":[{"embeddable":true,"href":"https:\/\/notinor.com\/jujuy\/wp-json\/wp\/v2\/users\/1"}],"replies":[{"embeddable":true,"href":"https:\/\/notinor.com\/jujuy\/wp-json\/wp\/v2\/comments?post=136017"}],"version-history":[{"count":2,"href":"https:\/\/notinor.com\/jujuy\/wp-json\/wp\/v2\/posts\/136017\/revisions"}],"predecessor-version":[{"id":136047,"href":"https:\/\/notinor.com\/jujuy\/wp-json\/wp\/v2\/posts\/136017\/revisions\/136047"}],"wp:featuredmedia":[{"embeddable":true,"href":"https:\/\/notinor.com\/jujuy\/wp-json\/wp\/v2\/media\/136046"}],"wp:attachment":[{"href":"https:\/\/notinor.com\/jujuy\/wp-json\/wp\/v2\/media?parent=136017"}],"wp:term":[{"taxonomy":"category","embeddable":true,"href":"https:\/\/notinor.com\/jujuy\/wp-json\/wp\/v2\/categories?post=136017"},{"taxonomy":"post_tag","embeddable":true,"href":"https:\/\/notinor.com\/jujuy\/wp-json\/wp\/v2\/tags?post=136017"}],"curies":[{"name":"wp","href":"https:\/\/api.w.org\/{rel}","templated":true}]}}