{"id":135617,"date":"2017-09-16T21:13:32","date_gmt":"2017-09-17T00:13:32","guid":{"rendered":"http:\/\/notinor.com\/jujuy\/?p=135617"},"modified":"2017-09-16T21:13:32","modified_gmt":"2017-09-17T00:13:32","slug":"menotti-se-refirio-al-cambio-de-estadio-de-la-seleccion-la-bombonera-es-un-ambiente-hostil","status":"publish","type":"post","link":"https:\/\/notinor.com\/jujuy\/menotti-se-refirio-al-cambio-de-estadio-de-la-seleccion-la-bombonera-es-un-ambiente-hostil\/","title":{"rendered":"Menotti se refiri\u00f3 al cambio de estadio de la Selecci\u00f3n: \"La Bombonera es un ambiente hostil\""},"content":{"rendered":"<div id=\"feJMG12IkMJ4vq\">\n<div>\n<header>El ex entrenador analiz\u00f3 la decisi\u00f3n de jugar el duelo ante Per\u00fa en la cancha de Boca y advirti\u00f3 que \"Gareca conoce muy bien\" ese escenario.<\/header>\n<\/div>\n<\/div>\n<div id=\"f0RdcePIkMJ4vq\">\n<div>\n<div><\/div>\n<\/div>\n<\/div>\n<div id=\"c05OZ66IkMJ4vq\" class=\"col-md-8 col-sm-12 col-xs-12 pb-layout-item pb-chain pb-c-list-chain col-lg-8 col-sm-8 left-align\">\n<div id=\"f0XCZDzIkMJ4vq\" class=\"wrapper clearfix full pb-feature pb-layout-item pb-f-article-body no-align\">\n<div id=\"article-body\" class=\"article-body article-body-elements\">\n<div id=\"article-content\">\n<div>\n<figure>\n<div>\n<div><\/div>\n<p><img decoding=\"async\" loading=\"lazy\" id=\"MDOG5WPTHBENRD6HL3W7TMQWAY\" class=\"aligncenter\" src=\"http:\/\/www.infobae.com\/new-resizer\/0fpnQDZAoZjD2iwUwKUqPk9gY04=\/600x0\/s3.amazonaws.com\/arc-wordpress-client-uploads\/infobae-wp\/wp-content\/uploads\/2016\/08\/30200504\/3717.jpg?token=bar\" alt=\"Menotti anticip\u00f3 el duelo Argentina \u2013 Per\u00fa (T\u00e9lam)\" width=\"750\" height=\"421.875\" data-url=\"http:\/\/www.infobae.com\/deportes-2\/2017\/09\/16\/menotti-se-refirio-al-cambio-de-estadio-de-la-seleccion-la-bombonera-es-un-ambiente-hostil\/%23MDOG5WPTHBENRD6HL3W7TMQWAY\" data-original=\"http:\/\/www.infobae.com\/new-resizer\/0fpnQDZAoZjD2iwUwKUqPk9gY04=\/600x0\/s3.amazonaws.com\/arc-wordpress-client-uploads\/infobae-wp\/wp-content\/uploads\/2016\/08\/30200504\/3717.jpg?token=bar\" \/><\/div><figcaption>Menotti anticip\u00f3 el duelo Argentina \u2013 Per\u00fa (T\u00e9lam)<\/figcaption><\/figure>\n<\/div>\n<div>\n<div>\n<p>El pr\u00f3ximo 5 de octubre, la\u00a0selecci\u00f3n argentina\u00a0recibir\u00e1 a su similar de\u00a0Per\u00fa\u00a0en un duelo que ser\u00e1 trascendental de cara a las aspiraciones de ambos de clasificar al\u00a0Mundial de Rusia 2018. Para ese partido, la AFA decidi\u00f3 que el conjunto nacional haga de local en\u00a0la Bombonera\u00a0-en lugar de en el estadio Monumental- por primera vez en lo que va de las Eliminatorias Sudamericanas.<\/p>\n<\/div>\n<\/div>\n<div>\n<div>\n<p>C\u00e9sar Luis Menotti\u00a0es siempre una voz autorizada para hablar de todo lo que refiere a la selecci\u00f3n nacional. El ex entrenador dio su opini\u00f3n sobre esta modificaci\u00f3n en el escenario y sostuvo:\u00a0\"Nunca entend\u00ed los motivos de este cambio forzado\".<\/p>\n<\/div>\n<\/div>\n<div>\n<div>\n<p>\"El estadio de Boca Juniors es muy especial y pesado. Si uno est\u00e1 jugando bien, la afici\u00f3n ayuda mucho.\u00a0Pero si no est\u00e1s en un buen d\u00eda, te pifian y te complican\", se\u00f1al\u00f3 Menotti en una entrevista concedida al diario\u00a0Depor\u00a0de Per\u00fa y\u00a0advirti\u00f3 que\u00a0\"nadie se ha dado cuenta que (Ricardo) Gareca conoce muy bien La Bombonera, lo cual es importante en la charla\".<\/p>\n<\/div>\n<\/div>\n<div>\n<figure>\n<div>\n<div><\/div>\n<p><img decoding=\"async\" loading=\"lazy\" id=\"QTQKXNYIEVDRZJHWYHSPV3DKEQ\" class=\"aligncenter\" src=\"http:\/\/www.infobae.com\/new-resizer\/FkiF4vi3UByJF9N0A1NzYXenWng=\/600x0\/s3.amazonaws.com\/arc-wordpress-client-uploads\/infobae-wp\/wp-content\/uploads\/2017\/05\/15091031\/Boca-River-bombonera-salida-equipos-SF.jpg?token=bar\" alt=\"La Bombonera recibir\u00e1 a la selecci\u00f3n nacional (NA)\" width=\"750\" height=\"500.0\" data-url=\"http:\/\/www.infobae.com\/deportes-2\/2017\/09\/16\/menotti-se-refirio-al-cambio-de-estadio-de-la-seleccion-la-bombonera-es-un-ambiente-hostil\/%23QTQKXNYIEVDRZJHWYHSPV3DKEQ\" data-original=\"http:\/\/www.infobae.com\/new-resizer\/FkiF4vi3UByJF9N0A1NzYXenWng=\/600x0\/s3.amazonaws.com\/arc-wordpress-client-uploads\/infobae-wp\/wp-content\/uploads\/2017\/05\/15091031\/Boca-River-bombonera-salida-equipos-SF.jpg?token=bar\" \/><\/div><figcaption>La Bombonera recibir\u00e1 a la selecci\u00f3n nacional (NA)<\/figcaption><\/figure>\n<\/div>\n<div>\n<div id=\"\"><\/div>\n<div>\n<p>Para el DT campe\u00f3n del Mundo en 1978, \"en La Bombonera no van a recibir bien ni al peruano, ni a nadie\" ya que\u00a0\"es un ambiente hostil\".<\/p>\n<\/div>\n<\/div>\n<div>\n<div>\n<p>Al ser consultado sobre si Gareca podr\u00eda ser acusado de \"traidor\" en caso de conseguir un buen resultado con la selecci\u00f3n de Per\u00fa ante Argentina, Menotti no dud\u00f3: \"Eso es para los imb\u00e9ciles. Hay que ser muy tarado, porque\u00a0Gareca tiene un compromiso con sus futbolistas, no con nuestra patria. No se est\u00e1 peleando la frontera. Es un idiota el que piense que Gareca har\u00e1 que Per\u00fa pierda por ese motivo. Por ejemplo,\u00a0Sampaoli, siendo argentino, nos dej\u00f3 sin la Copa Am\u00e9rica 2015 y no lo acusan de traidor. Si Argentina pierde, ser\u00e1 culpa nuestra, no de Ricardo, porque a estas alturas deber\u00edamos estar clasificados. Cambiamos entrenador cada tres d\u00edas\".<\/p>\n<\/div>\n<\/div>\n<div>\n<div>\n<p>\"Es un excelente entrenador, una buena persona y es joven.\u00a0Todo esto le sirve para dirigir en alg\u00fan futuro a Argentina o en Europa\", agreg\u00f3 sobre \"El Tigre\".<\/p>\n<\/div>\n<\/div>\n<div>\n<figure>\n<div>\n<div><\/div>\n<p><img decoding=\"async\" loading=\"lazy\" id=\"XGQM67NSWJAJNKWL3HTKU24HP4\" class=\"aligncenter\" src=\"http:\/\/www.infobae.com\/new-resizer\/Ji5IoBMct83jpkHtRzUCmvHj0jw=\/600x0\/s3.amazonaws.com\/arc-wordpress-client-uploads\/infobae-wp\/wp-content\/uploads\/2016\/06\/12101901\/Ricardo-Gareca-tecnico-Peru-Copa-America-1920.jpg?token=bar\" alt=\"El argentino Ricardo Gareca es el t\u00e9cnico de la Selecci\u00f3n de Per\u00fa\" width=\"750\" height=\"421.484375\" data-url=\"http:\/\/www.infobae.com\/deportes-2\/2017\/09\/16\/menotti-se-refirio-al-cambio-de-estadio-de-la-seleccion-la-bombonera-es-un-ambiente-hostil\/%23XGQM67NSWJAJNKWL3HTKU24HP4\" data-original=\"http:\/\/www.infobae.com\/new-resizer\/Ji5IoBMct83jpkHtRzUCmvHj0jw=\/600x0\/s3.amazonaws.com\/arc-wordpress-client-uploads\/infobae-wp\/wp-content\/uploads\/2016\/06\/12101901\/Ricardo-Gareca-tecnico-Peru-Copa-America-1920.jpg?token=bar\" \/><\/div><figcaption>El argentino Ricardo Gareca es el t\u00e9cnico de la Selecci\u00f3n de Per\u00fa<\/figcaption><\/figure>\n<\/div>\n<div>\n<div>\n<p>Finalmente, Menotti hizo referencia a c\u00f3mo ven los argentinos a la selecci\u00f3n peruana: \"No es temor. En una Eliminatoria,\u00a0hay preocupaci\u00f3n, porque se viene un equipo que juega muy bien al f\u00fatbol. Adem\u00e1s, hay un antecedente hist\u00f3rico que los argentinos respetamos mucho. Y fue cuando su pa\u00eds nos dej\u00f3 sin Mundial.\u00a0Para m\u00ed, en este partido se define el cuarto y quinto lugar, porque ambos ir\u00e1n al Mundial\".<\/p>\n<\/div>\n<\/div>\n<div class=\"row\"><\/div>\n<\/div>\n<\/div>\n<\/div>\n<\/div>\n","protected":false},"excerpt":{"rendered":"<p>El ex entrenador analiz\u00f3 la decisi\u00f3n de jugar el duelo ante Per\u00fa en la cancha de Boca y advirti\u00f3 que \"Gareca conoce muy bien\" ese escenario. Menotti anticip\u00f3 el duelo Argentina \u2013 Per\u00fa (T\u00e9lam) El pr\u00f3ximo 5 de octubre, la\u00a0selecci\u00f3n argentina\u00a0recibir\u00e1 a su similar de\u00a0Per\u00fa\u00a0en un duelo que ser\u00e1 trascendental de cara a las aspiraciones [&hellip;]<\/p>\n","protected":false},"author":1,"featured_media":135618,"comment_status":"open","ping_status":"open","sticky":false,"template":"","format":"standard","meta":{"_stopmodifiedupdate":false,"_modified_date":"","inline_featured_image":false},"categories":[7],"tags":[],"jetpack_featured_media_url":"https:\/\/notinor.com\/jujuy\/wp-content\/uploads\/2017\/09\/1105.jpg","_links":{"self":[{"href":"https:\/\/notinor.com\/jujuy\/wp-json\/wp\/v2\/posts\/135617"}],"collection":[{"href":"https:\/\/notinor.com\/jujuy\/wp-json\/wp\/v2\/posts"}],"about":[{"href":"https:\/\/notinor.com\/jujuy\/wp-json\/wp\/v2\/types\/post"}],"author":[{"embeddable":true,"href":"https:\/\/notinor.com\/jujuy\/wp-json\/wp\/v2\/users\/1"}],"replies":[{"embeddable":true,"href":"https:\/\/notinor.com\/jujuy\/wp-json\/wp\/v2\/comments?post=135617"}],"version-history":[{"count":1,"href":"https:\/\/notinor.com\/jujuy\/wp-json\/wp\/v2\/posts\/135617\/revisions"}],"predecessor-version":[{"id":135619,"href":"https:\/\/notinor.com\/jujuy\/wp-json\/wp\/v2\/posts\/135617\/revisions\/135619"}],"wp:featuredmedia":[{"embeddable":true,"href":"https:\/\/notinor.com\/jujuy\/wp-json\/wp\/v2\/media\/135618"}],"wp:attachment":[{"href":"https:\/\/notinor.com\/jujuy\/wp-json\/wp\/v2\/media?parent=135617"}],"wp:term":[{"taxonomy":"category","embeddable":true,"href":"https:\/\/notinor.com\/jujuy\/wp-json\/wp\/v2\/categories?post=135617"},{"taxonomy":"post_tag","embeddable":true,"href":"https:\/\/notinor.com\/jujuy\/wp-json\/wp\/v2\/tags?post=135617"}],"curies":[{"name":"wp","href":"https:\/\/api.w.org\/{rel}","templated":true}]}}