{"id":134842,"date":"2017-09-12T12:47:39","date_gmt":"2017-09-12T15:47:39","guid":{"rendered":"http:\/\/notinor.com\/jujuy\/?p=134842"},"modified":"2017-09-13T10:57:30","modified_gmt":"2017-09-13T13:57:30","slug":"se-presento-el-programa-de-alta-direccion-del-incae-para-desarrollar-nuestra-propia-economia-y-empresariado","status":"publish","type":"post","link":"https:\/\/notinor.com\/jujuy\/se-presento-el-programa-de-alta-direccion-del-incae-para-desarrollar-nuestra-propia-economia-y-empresariado\/","title":{"rendered":"Se presento el Programa del INCAE para desarrollar nuestra econom\u00eda y empresariado"},"content":{"rendered":"<p>El Ministro de Desarrollo Econ\u00f3mico y Producci\u00f3n, Juan Carlos Abud Robles, en conferencia de prensa realiz\u00f3 la presentaci\u00f3n del Programa de Alta Direcci\u00f3n del INCAE que se desarrollara en tres m\u00f3dulos en la Provincia de Jujuy.<\/p>\n<p>Abud Robles\u00a0 explic\u00f3, que \u201cel Programa de Alta Direcci\u00f3n del INCAE (Instituto Centroamericano de Administraci\u00f3n de Empresas) arranca el d\u00eda lunes siguiendo el programa que hemos definido para el 2017 al inicio de esta gesti\u00f3n, consiste en la escuela de negocios de Costa Rica, que vienen a dictar este programa para sesenta personas\u201d.<\/p>\n<p><a href=\"http:\/\/notinor.com\/jujuy\/wp-content\/uploads\/2017\/09\/21764228_10155781268099708_1878251399_o.jpg\"><img decoding=\"async\" loading=\"lazy\" class=\"wp-image-134843 size-large aligncenter\" src=\"http:\/\/notinor.com\/jujuy\/wp-content\/uploads\/2017\/09\/21764228_10155781268099708_1878251399_o-800x600.jpg\" alt=\"21764228_10155781268099708_1878251399_o\" width=\"800\" height=\"600\" srcset=\"https:\/\/notinor.com\/jujuy\/wp-content\/uploads\/2017\/09\/21764228_10155781268099708_1878251399_o-800x600.jpg 800w, https:\/\/notinor.com\/jujuy\/wp-content\/uploads\/2017\/09\/21764228_10155781268099708_1878251399_o-300x225.jpg 300w, https:\/\/notinor.com\/jujuy\/wp-content\/uploads\/2017\/09\/21764228_10155781268099708_1878251399_o.jpg 1920w\" sizes=\"(max-width: 800px) 100vw, 800px\" \/><\/a><\/p>\n<p>Con respecto a los participantes del Programa, Abud Robles se\u00f1al\u00f3 que \u201chemos definido que puedan concurrir treinta representantes\u00a0 del sector\u00a0 privado, treinta empresarios y que adem\u00e1s est\u00e9n incluidos todos los sectores. Est\u00e1 previsto que participe gente del agro, gente de la Uni\u00f3n Industrial, de Miner\u00eda, de la Peque\u00f1a y Mediana Empresa, de la Uni\u00f3n de Empresarios y\u00a0 despu\u00e9s la otra mitad, los otros treinta cupos, van a ser ocupados por funcionarios que tengan relaci\u00f3n \u00a0con el Ministerio de Producci\u00f3n, con Desarrollo Econ\u00f3mico, con el tema del Turismo y tambi\u00e9n con los \u00a0temas de los Planes Estrat\u00e9gicos \u00a0que estamos llevando adelante\u201d.<\/p>\n<p>El Ministro remarc\u00f3\u00a0 que \u201cpara nosotros este Programa es fundamental, necesitamos generar una masa cr\u00edtica de empresarios que conozcan en profundidad todo el entorno global\u00a0 y el sistema competitivo que hay en el mundo y que tambi\u00e9n ese mismo lenguaje y ese mismo conocimiento los tengan\u00a0 los funcionarios que est\u00e1n en constante relaci\u00f3n con empresarios\u00a0 a nivel nacional e \u00a0internacional, esto sirve adem\u00e1s para atraer inversiones externas esto va a potenciar el accionar publico privado, b\u00e1sicamente\u201d se\u00f1al\u00f3 Robles.<\/p>\n<p>Sobre c\u00f3mo se concreto este programa para Jujuy, Robles esgrimi\u00f3 que \u201cha sido una negociaci\u00f3n que nos ha llevado m\u00e1s de un a\u00f1o, no es un curso o una escuela de negocios m\u00e1s, sino una de la mas importantes\u00a0 de Am\u00e9rica Latina, no fue f\u00e1cil esta negociaci\u00f3n para traerlos a Jujuy, sin embargo estuvo\u00a0 dentro de nuestros objetivos\u201d.<\/p>\n<p>Sobre este programa el Ministro explic\u00f3 que \u201cva a durar quince d\u00edas completos, cinco d\u00edas del 18 al 21 de septiembre, con horarios intensivos de 8 a 18hs, a fines de octubre \u00a0se desarrollara el segundo modulo, tambi\u00e9n de cinco \u00a0y a fines de noviembre se desarrollara el tercer m\u00f3dulo tambi\u00e9n de cinco d\u00edas\u201d.<\/p>\n<p>Abud Robles Concluy\u00f3 \u201cel nivel que nos trae INCAE \u00a0sirve para hacer\u00a0 negocios, para que los empresarios\u00a0 puedan hacer negocios, puedan detectar estas oportunidades y que puedan consolidarse en muchos casos como socios\u00a0 de inversores internacionales. De esta manera no solo vamos a atraer \u00a0inversores externos sino que tambi\u00e9n vamos a estar\u00a0 desarrollando nuestra propia econom\u00eda y empresariado. Nuestro propio capital juje\u00f1o que es lo que queremos\u201d finaliz\u00f3 el Ministro.<\/p>\n","protected":false},"excerpt":{"rendered":"<p>El Ministro de Desarrollo Econ\u00f3mico y Producci\u00f3n, Juan Carlos Abud Robles, en conferencia de prensa realiz\u00f3 la presentaci\u00f3n del Programa de Alta Direcci\u00f3n del INCAE que se desarrollara en tres m\u00f3dulos en la Provincia de Jujuy. Abud Robles\u00a0 explic\u00f3, que \u201cel Programa de Alta Direcci\u00f3n del INCAE (Instituto Centroamericano de Administraci\u00f3n de Empresas) arranca el [&hellip;]<\/p>\n","protected":false},"author":1,"featured_media":134844,"comment_status":"open","ping_status":"open","sticky":false,"template":"","format":"standard","meta":{"_stopmodifiedupdate":false,"_modified_date":"","inline_featured_image":false},"categories":[493],"tags":[],"jetpack_featured_media_url":"https:\/\/notinor.com\/jujuy\/wp-content\/uploads\/2017\/09\/21733698_10155781217639708_1481172980_o.jpg","_links":{"self":[{"href":"https:\/\/notinor.com\/jujuy\/wp-json\/wp\/v2\/posts\/134842"}],"collection":[{"href":"https:\/\/notinor.com\/jujuy\/wp-json\/wp\/v2\/posts"}],"about":[{"href":"https:\/\/notinor.com\/jujuy\/wp-json\/wp\/v2\/types\/post"}],"author":[{"embeddable":true,"href":"https:\/\/notinor.com\/jujuy\/wp-json\/wp\/v2\/users\/1"}],"replies":[{"embeddable":true,"href":"https:\/\/notinor.com\/jujuy\/wp-json\/wp\/v2\/comments?post=134842"}],"version-history":[{"count":5,"href":"https:\/\/notinor.com\/jujuy\/wp-json\/wp\/v2\/posts\/134842\/revisions"}],"predecessor-version":[{"id":134987,"href":"https:\/\/notinor.com\/jujuy\/wp-json\/wp\/v2\/posts\/134842\/revisions\/134987"}],"wp:featuredmedia":[{"embeddable":true,"href":"https:\/\/notinor.com\/jujuy\/wp-json\/wp\/v2\/media\/134844"}],"wp:attachment":[{"href":"https:\/\/notinor.com\/jujuy\/wp-json\/wp\/v2\/media?parent=134842"}],"wp:term":[{"taxonomy":"category","embeddable":true,"href":"https:\/\/notinor.com\/jujuy\/wp-json\/wp\/v2\/categories?post=134842"},{"taxonomy":"post_tag","embeddable":true,"href":"https:\/\/notinor.com\/jujuy\/wp-json\/wp\/v2\/tags?post=134842"}],"curies":[{"name":"wp","href":"https:\/\/api.w.org\/{rel}","templated":true}]}}